{"id":5768,"date":"2021-05-31T16:10:00","date_gmt":"2021-05-31T14:10:00","guid":{"rendered":"http:\/\/cms.mtsomnii.de\/w7\/merkur-de-gap\/kapazitaetsgrenze-in-zehn-jahren-erreicht-90781094-html-5768\/"},"modified":"2021-05-31T16:10:00","modified_gmt":"2021-05-31T14:10:00","slug":"kapazitaetsgrenze-in-zehn-jahren-erreicht-90781094-html","status":"publish","type":"post","link":"http:\/\/cms.mtsomnii.de\/w7\/merkur-de-gap\/kapazitaetsgrenze-in-zehn-jahren-erreicht-90781094-html-5768\/","title":{"rendered":"Kapazit\u00e4tsgrenze in zehn Jahren erreicht: Uffing muss in puncto Wasserversorgung dringend nachr\u00fcsten"},"content":{"rendered":"<div>Die Gemeinde Uffing muss in den n\u00e4chsten Jahren viel Geld in die Wasserversorgung stecken. Unter anderem ist ein Notverbund mit Seehausen geplant.<\/div>\n","protected":false},"excerpt":{"rendered":"<p>Die Gemeinde Uffing muss in den n\u00e4chsten Jahren viel Geld in die Wasserversorgung stecken. Unter anderem ist ein Notverbund mit Seehausen geplant.<\/p>\n","protected":false},"author":5,"featured_media":0,"comment_status":"closed","ping_status":"open","sticky":false,"template":"","format":"standard","meta":[],"categories":[5],"tags":[],"_links":{"self":[{"href":"http:\/\/cms.mtsomnii.de\/w7\/wp-json\/wp\/v2\/posts\/5768"}],"collection":[{"href":"http:\/\/cms.mtsomnii.de\/w7\/wp-json\/wp\/v2\/posts"}],"about":[{"href":"http:\/\/cms.mtsomnii.de\/w7\/wp-json\/wp\/v2\/types\/post"}],"author":[{"embeddable":true,"href":"http:\/\/cms.mtsomnii.de\/w7\/wp-json\/wp\/v2\/users\/5"}],"replies":[{"embeddable":true,"href":"http:\/\/cms.mtsomnii.de\/w7\/wp-json\/wp\/v2\/comments?post=5768"}],"version-history":[{"count":0,"href":"http:\/\/cms.mtsomnii.de\/w7\/wp-json\/wp\/v2\/posts\/5768\/revisions"}],"wp:attachment":[{"href":"http:\/\/cms.mtsomnii.de\/w7\/wp-json\/wp\/v2\/media?parent=5768"}],"wp:term":[{"taxonomy":"category","embeddable":true,"href":"http:\/\/cms.mtsomnii.de\/w7\/wp-json\/wp\/v2\/categories?post=5768"},{"taxonomy":"post_tag","embeddable":true,"href":"http:\/\/cms.mtsomnii.de\/w7\/wp-json\/wp\/v2\/tags?post=5768"}],"curies":[{"name":"wp","href":"https:\/\/api.w.org\/{rel}","templated":true}]}}