{"id":5782,"date":"2021-06-01T11:20:00","date_gmt":"2021-06-01T09:20:00","guid":{"rendered":"http:\/\/cms.mtsomnii.de\/w7\/merkur-de-gap\/wanderer-absturz-alpen-bayern-tot-unglueck-garmisch-partenkirchen-grainau-hoellental-hubschrauber-90783332-html-2-5782\/"},"modified":"2021-06-01T11:20:00","modified_gmt":"2021-06-01T09:20:00","slug":"wanderer-absturz-alpen-bayern-tot-unglueck-garmisch-partenkirchen-grainau-hoellental-hubschrauber-90783332-html-2","status":"publish","type":"post","link":"http:\/\/cms.mtsomnii.de\/w7\/merkur-de-gap\/wanderer-absturz-alpen-bayern-tot-unglueck-garmisch-partenkirchen-grainau-hoellental-hubschrauber-90783332-html-2-5782\/","title":{"rendered":"Tragisches Bergungl\u00fcck in Grainau: Frau trennt sich beim Wandern von Familie &#8211; dann st\u00fcrzt sie in den Tod"},"content":{"rendered":"<div>Auf der H\u00f6llentalangerh\u00fctte haben sie gemeinsam eine Pause gemacht. Dann trennte sich die Frau von ihrem Sohn, ihrer Schwester und ihrem Neffen. Sie sollten sich nie wiedersehen.<\/div>\n","protected":false},"excerpt":{"rendered":"<p>Auf der H\u00f6llentalangerh\u00fctte haben sie gemeinsam eine Pause gemacht. Dann trennte sich die Frau von ihrem Sohn, ihrer Schwester und ihrem Neffen. Sie sollten sich nie wiedersehen.<\/p>\n","protected":false},"author":5,"featured_media":0,"comment_status":"closed","ping_status":"open","sticky":false,"template":"","format":"standard","meta":[],"categories":[5],"tags":[],"_links":{"self":[{"href":"http:\/\/cms.mtsomnii.de\/w7\/wp-json\/wp\/v2\/posts\/5782"}],"collection":[{"href":"http:\/\/cms.mtsomnii.de\/w7\/wp-json\/wp\/v2\/posts"}],"about":[{"href":"http:\/\/cms.mtsomnii.de\/w7\/wp-json\/wp\/v2\/types\/post"}],"author":[{"embeddable":true,"href":"http:\/\/cms.mtsomnii.de\/w7\/wp-json\/wp\/v2\/users\/5"}],"replies":[{"embeddable":true,"href":"http:\/\/cms.mtsomnii.de\/w7\/wp-json\/wp\/v2\/comments?post=5782"}],"version-history":[{"count":0,"href":"http:\/\/cms.mtsomnii.de\/w7\/wp-json\/wp\/v2\/posts\/5782\/revisions"}],"wp:attachment":[{"href":"http:\/\/cms.mtsomnii.de\/w7\/wp-json\/wp\/v2\/media?parent=5782"}],"wp:term":[{"taxonomy":"category","embeddable":true,"href":"http:\/\/cms.mtsomnii.de\/w7\/wp-json\/wp\/v2\/categories?post=5782"},{"taxonomy":"post_tag","embeddable":true,"href":"http:\/\/cms.mtsomnii.de\/w7\/wp-json\/wp\/v2\/tags?post=5782"}],"curies":[{"name":"wp","href":"https:\/\/api.w.org\/{rel}","templated":true}]}}