{"id":5783,"date":"2021-06-01T12:02:00","date_gmt":"2021-06-01T10:02:00","guid":{"rendered":"http:\/\/cms.mtsomnii.de\/w7\/merkur-de-gap\/nicht-laenger-totschweigen-90783289-html-5783\/"},"modified":"2021-06-01T12:02:00","modified_gmt":"2021-06-01T10:02:00","slug":"nicht-laenger-totschweigen-90783289-html","status":"publish","type":"post","link":"http:\/\/cms.mtsomnii.de\/w7\/merkur-de-gap\/nicht-laenger-totschweigen-90783289-html-5783\/","title":{"rendered":"Suizid im Landkreis: Nicht l\u00e4nger totschweigen"},"content":{"rendered":"<div>Ein 13-j\u00e4hriges M\u00e4dchen aus dem Landkreis hat sich das Leben genommen. Der Fall wirft Fragen auf. Was bringt ein Kind dazu? Welche Pr\u00e4ventivma\u00dfnahmen gibt es?<\/div>\n","protected":false},"excerpt":{"rendered":"<p>Ein 13-j\u00e4hriges M\u00e4dchen aus dem Landkreis hat sich das Leben genommen. Der Fall wirft Fragen auf. Was bringt ein Kind dazu? Welche Pr\u00e4ventivma\u00dfnahmen gibt es?<\/p>\n","protected":false},"author":5,"featured_media":0,"comment_status":"closed","ping_status":"open","sticky":false,"template":"","format":"standard","meta":[],"categories":[5],"tags":[],"_links":{"self":[{"href":"http:\/\/cms.mtsomnii.de\/w7\/wp-json\/wp\/v2\/posts\/5783"}],"collection":[{"href":"http:\/\/cms.mtsomnii.de\/w7\/wp-json\/wp\/v2\/posts"}],"about":[{"href":"http:\/\/cms.mtsomnii.de\/w7\/wp-json\/wp\/v2\/types\/post"}],"author":[{"embeddable":true,"href":"http:\/\/cms.mtsomnii.de\/w7\/wp-json\/wp\/v2\/users\/5"}],"replies":[{"embeddable":true,"href":"http:\/\/cms.mtsomnii.de\/w7\/wp-json\/wp\/v2\/comments?post=5783"}],"version-history":[{"count":0,"href":"http:\/\/cms.mtsomnii.de\/w7\/wp-json\/wp\/v2\/posts\/5783\/revisions"}],"wp:attachment":[{"href":"http:\/\/cms.mtsomnii.de\/w7\/wp-json\/wp\/v2\/media?parent=5783"}],"wp:term":[{"taxonomy":"category","embeddable":true,"href":"http:\/\/cms.mtsomnii.de\/w7\/wp-json\/wp\/v2\/categories?post=5783"},{"taxonomy":"post_tag","embeddable":true,"href":"http:\/\/cms.mtsomnii.de\/w7\/wp-json\/wp\/v2\/tags?post=5783"}],"curies":[{"name":"wp","href":"https:\/\/api.w.org\/{rel}","templated":true}]}}