{"id":6034,"date":"2021-06-28T15:35:00","date_gmt":"2021-06-28T13:35:00","guid":{"rendered":"http:\/\/cms.mtsomnii.de\/w7\/kreisbote-gap\/corona-ticker-landkreis-garmisch-partenkirchen-90467784-html-25-6034\/"},"modified":"2021-06-28T15:35:00","modified_gmt":"2021-06-28T13:35:00","slug":"corona-ticker-landkreis-garmisch-partenkirchen-90467784-html-25","status":"publish","type":"post","link":"http:\/\/cms.mtsomnii.de\/w7\/kreisbote-gap\/corona-ticker-landkreis-garmisch-partenkirchen-90467784-html-25-6034\/","title":{"rendered":"Corona im Landkreis Garmisch-Partenkirchen: Priorisierung an bayerischen Impfzentren aufgehoben"},"content":{"rendered":"<div>Die Impfpriorit\u00e4t an den bayerischen Impfzentren wird noch in dieser Woche freigegeben, das betonte Ministerpr\u00e4sident Markus S\u00f6der nach dem bayerischen Impfgipfel. Das Impftempo soll auch mit dieser Ma\u00dfnahme gesteigert werden: Bis zu den Sommerferien sollen 70 Prozent der Bayern erstgeimpft und 50 Prozent zweitgeimpft sein. Die Corona-Lage ist aktuell sehr stabil, doch Sorge bereitet die ansteckende Delta-Variante. Diese zu ignorieren, \u201ew\u00e4re ein schwerer Fehler\u201c, sagte S\u00f6der.<\/div>\n","protected":false},"excerpt":{"rendered":"<p>Die Impfpriorit\u00e4t an den bayerischen Impfzentren wird noch in dieser Woche freigegeben, das betonte Ministerpr\u00e4sident Markus S\u00f6der nach dem bayerischen Impfgipfel. Das Impftempo soll auch mit dieser Ma\u00dfnahme gesteigert werden: Bis zu den Sommerferien sollen 70 Prozent der Bayern erstgeimpft und 50 Prozent zweitgeimpft sein. Die Corona-Lage ist aktuell sehr stabil, doch Sorge bereitet die ansteckende Delta-Variante. Diese zu ignorieren,<\/p>\n","protected":false},"author":4,"featured_media":0,"comment_status":"closed","ping_status":"open","sticky":false,"template":"","format":"standard","meta":[],"categories":[2],"tags":[],"_links":{"self":[{"href":"http:\/\/cms.mtsomnii.de\/w7\/wp-json\/wp\/v2\/posts\/6034"}],"collection":[{"href":"http:\/\/cms.mtsomnii.de\/w7\/wp-json\/wp\/v2\/posts"}],"about":[{"href":"http:\/\/cms.mtsomnii.de\/w7\/wp-json\/wp\/v2\/types\/post"}],"author":[{"embeddable":true,"href":"http:\/\/cms.mtsomnii.de\/w7\/wp-json\/wp\/v2\/users\/4"}],"replies":[{"embeddable":true,"href":"http:\/\/cms.mtsomnii.de\/w7\/wp-json\/wp\/v2\/comments?post=6034"}],"version-history":[{"count":0,"href":"http:\/\/cms.mtsomnii.de\/w7\/wp-json\/wp\/v2\/posts\/6034\/revisions"}],"wp:attachment":[{"href":"http:\/\/cms.mtsomnii.de\/w7\/wp-json\/wp\/v2\/media?parent=6034"}],"wp:term":[{"taxonomy":"category","embeddable":true,"href":"http:\/\/cms.mtsomnii.de\/w7\/wp-json\/wp\/v2\/categories?post=6034"},{"taxonomy":"post_tag","embeddable":true,"href":"http:\/\/cms.mtsomnii.de\/w7\/wp-json\/wp\/v2\/tags?post=6034"}],"curies":[{"name":"wp","href":"https:\/\/api.w.org\/{rel}","templated":true}]}}