{"id":6037,"date":"2021-06-29T09:00:00","date_gmt":"2021-06-29T07:00:00","guid":{"rendered":"http:\/\/cms.mtsomnii.de\/w7\/kreisbote-gap\/wochenbettambulanz-soll-hebammenhilfe-effizienter-organisieren-90828187-html-6037\/"},"modified":"2021-06-29T09:00:00","modified_gmt":"2021-06-29T07:00:00","slug":"wochenbettambulanz-soll-hebammenhilfe-effizienter-organisieren-90828187-html","status":"publish","type":"post","link":"http:\/\/cms.mtsomnii.de\/w7\/kreisbote-gap\/wochenbettambulanz-soll-hebammenhilfe-effizienter-organisieren-90828187-html-6037\/","title":{"rendered":"Hebammenservice erweitert"},"content":{"rendered":"<div>Landkreis \u2013 \u201eIch bin bis Februar 2022 terminlich ausgebucht\u201c, sagt Familiengesundheitshebamme Angela Nieting. Als Kreissprecherin der Hebammen wei\u00df sie, dass es bei ihren Kolleginnen \u00e4hnlich ausschaut. Und was ist, wenn eine von ihnen krank wird, Urlaub hat, die eigenen Kinder oder ein Angeh\u00f6riger Pflege brauchen?<\/div>\n","protected":false},"excerpt":{"rendered":"<p>Landkreis \u2013 \u201eIch bin bis Februar 2022 terminlich ausgebucht\u201c, sagt Familiengesundheitshebamme Angela Nieting. Als Kreissprecherin der Hebammen wei\u00df sie, dass es bei ihren Kolleginnen \u00e4hnlich ausschaut. Und was ist, wenn eine von ihnen krank wird, Urlaub hat, die eigenen Kinder oder ein Angeh\u00f6riger Pflege brauchen?<\/p>\n","protected":false},"author":4,"featured_media":0,"comment_status":"closed","ping_status":"open","sticky":false,"template":"","format":"standard","meta":[],"categories":[2],"tags":[],"_links":{"self":[{"href":"http:\/\/cms.mtsomnii.de\/w7\/wp-json\/wp\/v2\/posts\/6037"}],"collection":[{"href":"http:\/\/cms.mtsomnii.de\/w7\/wp-json\/wp\/v2\/posts"}],"about":[{"href":"http:\/\/cms.mtsomnii.de\/w7\/wp-json\/wp\/v2\/types\/post"}],"author":[{"embeddable":true,"href":"http:\/\/cms.mtsomnii.de\/w7\/wp-json\/wp\/v2\/users\/4"}],"replies":[{"embeddable":true,"href":"http:\/\/cms.mtsomnii.de\/w7\/wp-json\/wp\/v2\/comments?post=6037"}],"version-history":[{"count":0,"href":"http:\/\/cms.mtsomnii.de\/w7\/wp-json\/wp\/v2\/posts\/6037\/revisions"}],"wp:attachment":[{"href":"http:\/\/cms.mtsomnii.de\/w7\/wp-json\/wp\/v2\/media?parent=6037"}],"wp:term":[{"taxonomy":"category","embeddable":true,"href":"http:\/\/cms.mtsomnii.de\/w7\/wp-json\/wp\/v2\/categories?post=6037"},{"taxonomy":"post_tag","embeddable":true,"href":"http:\/\/cms.mtsomnii.de\/w7\/wp-json\/wp\/v2\/tags?post=6037"}],"curies":[{"name":"wp","href":"https:\/\/api.w.org\/{rel}","templated":true}]}}