{"id":6043,"date":"2021-06-29T17:30:00","date_gmt":"2021-06-29T15:30:00","guid":{"rendered":"http:\/\/cms.mtsomnii.de\/w7\/merkur-de-gap\/die-geduld-ist-am-ende-90832037-html-6043\/"},"modified":"2021-06-29T17:30:00","modified_gmt":"2021-06-29T15:30:00","slug":"die-geduld-ist-am-ende-90832037-html","status":"publish","type":"post","link":"http:\/\/cms.mtsomnii.de\/w7\/merkur-de-gap\/die-geduld-ist-am-ende-90832037-html-6043\/","title":{"rendered":"Streit um neues Feuerwehrhaus: Die Geduld ist am Ende"},"content":{"rendered":"<div>Murnau \u2013 Die z\u00f6gerliche Haltung der Marktgemeinde beim Neubau des schon seit Jahren geforderten Feuerwehrhauses st\u00f6\u00dft auch bei Kreisbrandrat Johann Eitzenberger auf Kritik und Unverst\u00e4ndnis. Bei der Jahresversammlung der Freiwilligen Feuerwehr Murnau sagte er unter lautstarkem Beifall: \u201eDamit hat sich Murnau kein Ruhmesblatt geleistet. Stellen Sie sich vor, es g\u00e4be uns nicht!\u201c Nach jahrelanger Hinhaltetaktik sei es allerh\u00f6chste Zeit, endlich mit dem versprochenen Domizil am alten Volksfestplatz an der Kellerstra\u00dfe zu beginnen.<\/div>\n","protected":false},"excerpt":{"rendered":"<p>Murnau \u2013 Die z\u00f6gerliche Haltung der Marktgemeinde beim Neubau des schon seit Jahren geforderten Feuerwehrhauses st\u00f6\u00dft auch bei Kreisbrandrat Johann Eitzenberger auf Kritik und Unverst\u00e4ndnis. Bei der Jahresversammlung der Freiwilligen Feuerwehr Murnau sagte er unter lautstarkem Beifall: \u201eDamit hat sich Murnau kein Ruhmesblatt geleistet. Stellen Sie sich vor, es g\u00e4be uns nicht!\u201c Nach jahrelanger Hinhaltetaktik sei es allerh\u00f6chste Zeit, endlich<\/p>\n","protected":false},"author":5,"featured_media":0,"comment_status":"closed","ping_status":"open","sticky":false,"template":"","format":"standard","meta":[],"categories":[5],"tags":[],"_links":{"self":[{"href":"http:\/\/cms.mtsomnii.de\/w7\/wp-json\/wp\/v2\/posts\/6043"}],"collection":[{"href":"http:\/\/cms.mtsomnii.de\/w7\/wp-json\/wp\/v2\/posts"}],"about":[{"href":"http:\/\/cms.mtsomnii.de\/w7\/wp-json\/wp\/v2\/types\/post"}],"author":[{"embeddable":true,"href":"http:\/\/cms.mtsomnii.de\/w7\/wp-json\/wp\/v2\/users\/5"}],"replies":[{"embeddable":true,"href":"http:\/\/cms.mtsomnii.de\/w7\/wp-json\/wp\/v2\/comments?post=6043"}],"version-history":[{"count":0,"href":"http:\/\/cms.mtsomnii.de\/w7\/wp-json\/wp\/v2\/posts\/6043\/revisions"}],"wp:attachment":[{"href":"http:\/\/cms.mtsomnii.de\/w7\/wp-json\/wp\/v2\/media?parent=6043"}],"wp:term":[{"taxonomy":"category","embeddable":true,"href":"http:\/\/cms.mtsomnii.de\/w7\/wp-json\/wp\/v2\/categories?post=6043"},{"taxonomy":"post_tag","embeddable":true,"href":"http:\/\/cms.mtsomnii.de\/w7\/wp-json\/wp\/v2\/tags?post=6043"}],"curies":[{"name":"wp","href":"https:\/\/api.w.org\/{rel}","templated":true}]}}