{"id":6048,"date":"2021-06-30T15:35:00","date_gmt":"2021-06-30T13:35:00","guid":{"rendered":"http:\/\/cms.mtsomnii.de\/w7\/kreisbote-gap\/corona-ticker-landkreis-garmisch-partenkirchen-90467784-html-26-6048\/"},"modified":"2021-06-30T15:35:00","modified_gmt":"2021-06-30T13:35:00","slug":"corona-ticker-landkreis-garmisch-partenkirchen-90467784-html-26","status":"publish","type":"post","link":"http:\/\/cms.mtsomnii.de\/w7\/kreisbote-gap\/corona-ticker-landkreis-garmisch-partenkirchen-90467784-html-26-6048\/","title":{"rendered":"Corona im Landkreis Garmisch-Partenkirchen: Maskenpflicht f\u00fcr Sch\u00fcler gelockert"},"content":{"rendered":"<div>Bayerns Kultusminister Michael Piazolo hatte den Sch\u00fclern schon Mitte Juni Hoffnung gemacht, dass auch im Freistaat die Maskenpflicht am Sitzplatz im Klassenzimmer bald gelockert werden kann. Nun ist es beschlossene Sache. Nach den Grundsch\u00fclern d\u00fcrfen in Bayern ab dem morgigen Donnerstag (1. Juli) auch Sch\u00fcler an den weiterf\u00fchrenden Schulen am Sitzplatz im Klassenzimmer befreit aufatmen: Voraussetzung f\u00fcr den Wegfall der Schutzmaske ist eine 7-Tage-Inzidenz unter 25. Auf den G\u00e4ngen und Toiletten im Schulgeb\u00e4ude bleibt es grunds\u00e4tzlich bei der Maskenpflicht.<\/div>\n","protected":false},"excerpt":{"rendered":"<p>Bayerns Kultusminister Michael Piazolo hatte den Sch\u00fclern schon Mitte Juni Hoffnung gemacht, dass auch im Freistaat die Maskenpflicht am Sitzplatz im Klassenzimmer bald gelockert werden kann. Nun ist es beschlossene Sache. Nach den Grundsch\u00fclern d\u00fcrfen in Bayern ab dem morgigen Donnerstag (1. Juli) auch Sch\u00fcler an den weiterf\u00fchrenden Schulen am Sitzplatz im Klassenzimmer befreit aufatmen: Voraussetzung f\u00fcr den Wegfall der<\/p>\n","protected":false},"author":4,"featured_media":0,"comment_status":"closed","ping_status":"open","sticky":false,"template":"","format":"standard","meta":[],"categories":[2],"tags":[],"_links":{"self":[{"href":"http:\/\/cms.mtsomnii.de\/w7\/wp-json\/wp\/v2\/posts\/6048"}],"collection":[{"href":"http:\/\/cms.mtsomnii.de\/w7\/wp-json\/wp\/v2\/posts"}],"about":[{"href":"http:\/\/cms.mtsomnii.de\/w7\/wp-json\/wp\/v2\/types\/post"}],"author":[{"embeddable":true,"href":"http:\/\/cms.mtsomnii.de\/w7\/wp-json\/wp\/v2\/users\/4"}],"replies":[{"embeddable":true,"href":"http:\/\/cms.mtsomnii.de\/w7\/wp-json\/wp\/v2\/comments?post=6048"}],"version-history":[{"count":0,"href":"http:\/\/cms.mtsomnii.de\/w7\/wp-json\/wp\/v2\/posts\/6048\/revisions"}],"wp:attachment":[{"href":"http:\/\/cms.mtsomnii.de\/w7\/wp-json\/wp\/v2\/media?parent=6048"}],"wp:term":[{"taxonomy":"category","embeddable":true,"href":"http:\/\/cms.mtsomnii.de\/w7\/wp-json\/wp\/v2\/categories?post=6048"},{"taxonomy":"post_tag","embeddable":true,"href":"http:\/\/cms.mtsomnii.de\/w7\/wp-json\/wp\/v2\/tags?post=6048"}],"curies":[{"name":"wp","href":"https:\/\/api.w.org\/{rel}","templated":true}]}}