{"id":6049,"date":"2021-06-30T17:10:46","date_gmt":"2021-06-30T15:10:46","guid":{"rendered":"http:\/\/cms.mtsomnii.de\/w7\/merkur-de-gap\/depressionen-nehmen-zu-90834241-html-6049\/"},"modified":"2021-06-30T17:10:46","modified_gmt":"2021-06-30T15:10:46","slug":"depressionen-nehmen-zu-90834241-html","status":"publish","type":"post","link":"http:\/\/cms.mtsomnii.de\/w7\/merkur-de-gap\/depressionen-nehmen-zu-90834241-html-6049\/","title":{"rendered":"Corona-Auswirkungen auf Jugendliche: Depressionen nehmen zu"},"content":{"rendered":"<div>Wie stark die Corona-Krise Familien beeintr\u00e4chtigt, h\u00e4ngt sehr vom Umfeld der Menschen ab &#8211; diesen Schluss zieht Stephan M\u00e4rte, der Leiter des Jugendamts im Landkreis Garmisch-Partenkirchen. Tragisch: Die Zahl depressiver Jugendlicher nimmt zu, speziell bei M\u00e4dchen.<\/div>\n","protected":false},"excerpt":{"rendered":"<p>Wie stark die Corona-Krise Familien beeintr\u00e4chtigt, h\u00e4ngt sehr vom Umfeld der Menschen ab &#8211; diesen Schluss zieht Stephan M\u00e4rte, der Leiter des Jugendamts im Landkreis Garmisch-Partenkirchen. Tragisch: Die Zahl depressiver Jugendlicher nimmt zu, speziell bei M\u00e4dchen.<\/p>\n","protected":false},"author":5,"featured_media":0,"comment_status":"closed","ping_status":"open","sticky":false,"template":"","format":"standard","meta":[],"categories":[5],"tags":[],"_links":{"self":[{"href":"http:\/\/cms.mtsomnii.de\/w7\/wp-json\/wp\/v2\/posts\/6049"}],"collection":[{"href":"http:\/\/cms.mtsomnii.de\/w7\/wp-json\/wp\/v2\/posts"}],"about":[{"href":"http:\/\/cms.mtsomnii.de\/w7\/wp-json\/wp\/v2\/types\/post"}],"author":[{"embeddable":true,"href":"http:\/\/cms.mtsomnii.de\/w7\/wp-json\/wp\/v2\/users\/5"}],"replies":[{"embeddable":true,"href":"http:\/\/cms.mtsomnii.de\/w7\/wp-json\/wp\/v2\/comments?post=6049"}],"version-history":[{"count":0,"href":"http:\/\/cms.mtsomnii.de\/w7\/wp-json\/wp\/v2\/posts\/6049\/revisions"}],"wp:attachment":[{"href":"http:\/\/cms.mtsomnii.de\/w7\/wp-json\/wp\/v2\/media?parent=6049"}],"wp:term":[{"taxonomy":"category","embeddable":true,"href":"http:\/\/cms.mtsomnii.de\/w7\/wp-json\/wp\/v2\/categories?post=6049"},{"taxonomy":"post_tag","embeddable":true,"href":"http:\/\/cms.mtsomnii.de\/w7\/wp-json\/wp\/v2\/tags?post=6049"}],"curies":[{"name":"wp","href":"https:\/\/api.w.org\/{rel}","templated":true}]}}