{"id":6755,"date":"2021-08-31T18:37:17","date_gmt":"2021-08-31T16:37:17","guid":{"rendered":"http:\/\/cms.mtsomnii.de\/w7\/merkur-de-gap\/steil-rutschig-anspruchsvoll-und-genau-im-plan-90953331-html-6755\/"},"modified":"2021-08-31T18:37:17","modified_gmt":"2021-08-31T16:37:17","slug":"steil-rutschig-anspruchsvoll-und-genau-im-plan-90953331-html","status":"publish","type":"post","link":"http:\/\/cms.mtsomnii.de\/w7\/merkur-de-gap\/steil-rutschig-anspruchsvoll-und-genau-im-plan-90953331-html-6755\/","title":{"rendered":"Hammersbach: Baumf\u00e4ll-Aktion beendet &#8211; Weg Richtung H\u00f6llentalklamm noch geschlossen"},"content":{"rendered":"<div>Die Baustelle war nicht gro\u00df, aber anspruchsvoll und notwendig. Oberhalb des Hammersbachs mussten B\u00e4ume gef\u00e4llt werden &#8211; f\u00fcr die Sicherheit. 10.000 bis 15.000 Euro kostet die Aktion.<\/div>\n","protected":false},"excerpt":{"rendered":"<p>Die Baustelle war nicht gro\u00df, aber anspruchsvoll und notwendig. Oberhalb des Hammersbachs mussten B\u00e4ume gef\u00e4llt werden &#8211; f\u00fcr die Sicherheit. 10.000 bis 15.000 Euro kostet die Aktion.<\/p>\n","protected":false},"author":5,"featured_media":0,"comment_status":"closed","ping_status":"open","sticky":false,"template":"","format":"standard","meta":[],"categories":[5],"tags":[],"_links":{"self":[{"href":"http:\/\/cms.mtsomnii.de\/w7\/wp-json\/wp\/v2\/posts\/6755"}],"collection":[{"href":"http:\/\/cms.mtsomnii.de\/w7\/wp-json\/wp\/v2\/posts"}],"about":[{"href":"http:\/\/cms.mtsomnii.de\/w7\/wp-json\/wp\/v2\/types\/post"}],"author":[{"embeddable":true,"href":"http:\/\/cms.mtsomnii.de\/w7\/wp-json\/wp\/v2\/users\/5"}],"replies":[{"embeddable":true,"href":"http:\/\/cms.mtsomnii.de\/w7\/wp-json\/wp\/v2\/comments?post=6755"}],"version-history":[{"count":0,"href":"http:\/\/cms.mtsomnii.de\/w7\/wp-json\/wp\/v2\/posts\/6755\/revisions"}],"wp:attachment":[{"href":"http:\/\/cms.mtsomnii.de\/w7\/wp-json\/wp\/v2\/media?parent=6755"}],"wp:term":[{"taxonomy":"category","embeddable":true,"href":"http:\/\/cms.mtsomnii.de\/w7\/wp-json\/wp\/v2\/categories?post=6755"},{"taxonomy":"post_tag","embeddable":true,"href":"http:\/\/cms.mtsomnii.de\/w7\/wp-json\/wp\/v2\/tags?post=6755"}],"curies":[{"name":"wp","href":"https:\/\/api.w.org\/{rel}","templated":true}]}}