{"id":7376,"date":"2021-10-25T08:50:05","date_gmt":"2021-10-25T06:50:05","guid":{"rendered":"http:\/\/cms.mtsomnii.de\/w7\/kreisbote-gap\/brennender-pkw-in-garmisch-partenkirchen-91072689-html-7376\/"},"modified":"2021-10-25T08:50:05","modified_gmt":"2021-10-25T06:50:05","slug":"brennender-pkw-in-garmisch-partenkirchen-91072689-html","status":"publish","type":"post","link":"http:\/\/cms.mtsomnii.de\/w7\/kreisbote-gap\/brennender-pkw-in-garmisch-partenkirchen-91072689-html-7376\/","title":{"rendered":"Brennender Pkw in Garmisch-Partenkirchen"},"content":{"rendered":"<div>GAP &#8211; Am Nachmittag des 24. Oktobers kam es in Garmisch-Partenkirchen in der Jochstra\u00dfe zu einem Fahrzeugbrand. Eine 42-j\u00e4hrige Dame stellte nach einer circa 30 min\u00fctigen Fahrt pl\u00f6tzlich Rauch aus der Motorhaube ihres Pkws fest und parkte diesen umgehend. Es entwickelte sich ein Fahrzeugbrand, der zum wirtschaftlichen Totalschaden des Pkws f\u00fchrte. Die Feuerwehren Farchant und Garmisch waren mit einem hohen Aufgebot im Einsatz und konnten den Pkw l\u00f6schen, bevor das Feuer um sich greifen konnte. Es wird von einem technischen Defekt ausgegangen, der gl\u00fccklicherweise zu keinen Verletzten f\u00fchrte.  kb<\/div>\n","protected":false},"excerpt":{"rendered":"<p>GAP &#8211; Am Nachmittag des 24. Oktobers kam es in Garmisch-Partenkirchen in der Jochstra\u00dfe zu einem Fahrzeugbrand. Eine 42-j\u00e4hrige Dame stellte nach einer circa 30 min\u00fctigen Fahrt pl\u00f6tzlich Rauch aus der Motorhaube ihres Pkws fest und parkte diesen umgehend. Es entwickelte sich ein Fahrzeugbrand, der zum wirtschaftlichen Totalschaden des Pkws f\u00fchrte. Die Feuerwehren Farchant und Garmisch waren mit einem hohen<\/p>\n","protected":false},"author":4,"featured_media":0,"comment_status":"closed","ping_status":"open","sticky":false,"template":"","format":"standard","meta":[],"categories":[2],"tags":[],"_links":{"self":[{"href":"http:\/\/cms.mtsomnii.de\/w7\/wp-json\/wp\/v2\/posts\/7376"}],"collection":[{"href":"http:\/\/cms.mtsomnii.de\/w7\/wp-json\/wp\/v2\/posts"}],"about":[{"href":"http:\/\/cms.mtsomnii.de\/w7\/wp-json\/wp\/v2\/types\/post"}],"author":[{"embeddable":true,"href":"http:\/\/cms.mtsomnii.de\/w7\/wp-json\/wp\/v2\/users\/4"}],"replies":[{"embeddable":true,"href":"http:\/\/cms.mtsomnii.de\/w7\/wp-json\/wp\/v2\/comments?post=7376"}],"version-history":[{"count":0,"href":"http:\/\/cms.mtsomnii.de\/w7\/wp-json\/wp\/v2\/posts\/7376\/revisions"}],"wp:attachment":[{"href":"http:\/\/cms.mtsomnii.de\/w7\/wp-json\/wp\/v2\/media?parent=7376"}],"wp:term":[{"taxonomy":"category","embeddable":true,"href":"http:\/\/cms.mtsomnii.de\/w7\/wp-json\/wp\/v2\/categories?post=7376"},{"taxonomy":"post_tag","embeddable":true,"href":"http:\/\/cms.mtsomnii.de\/w7\/wp-json\/wp\/v2\/tags?post=7376"}],"curies":[{"name":"wp","href":"https:\/\/api.w.org\/{rel}","templated":true}]}}