{"id":7390,"date":"2021-10-26T11:00:00","date_gmt":"2021-10-26T09:00:00","guid":{"rendered":"http:\/\/cms.mtsomnii.de\/w7\/kreisbote-gap\/zwei-qualifizierungs-wochenendkurse-starten-im-dezember-91067721-html-7390\/"},"modified":"2021-10-26T11:00:00","modified_gmt":"2021-10-26T09:00:00","slug":"zwei-qualifizierungs-wochenendkurse-starten-im-dezember-91067721-html","status":"publish","type":"post","link":"http:\/\/cms.mtsomnii.de\/w7\/kreisbote-gap\/zwei-qualifizierungs-wochenendkurse-starten-im-dezember-91067721-html-7390\/","title":{"rendered":"Werden Sie Betreuungsassistent"},"content":{"rendered":"<div>GAP \u2013 Pflegebed\u00fcrftige Menschen mit Demenz, psychischen Erkrankungen oder geistigen Behinderungen haben in der Regel einen erheblichen allgemeinen Beaufsichtigungs- und Betreuungsbedarf. Ihre Versorgungssituation in der station\u00e4ren Pflege wird \u00fcberwiegend als verbesserungsbed\u00fcrftig angesehen.  Damit mehr Menschen sich zum Betreuungsassistenten ausbilden lassen und Demenzkranke mehr Unterst\u00fctzung bekommen, bieten die Malteser ab Dezember wieder zwei Wochenendkurse zur Qualifikation zum Betreuungsassistenten an.<\/div>\n","protected":false},"excerpt":{"rendered":"<p>GAP \u2013 Pflegebed\u00fcrftige Menschen mit Demenz, psychischen Erkrankungen oder geistigen Behinderungen haben in der Regel einen erheblichen allgemeinen Beaufsichtigungs- und Betreuungsbedarf. Ihre Versorgungssituation in der station\u00e4ren Pflege wird \u00fcberwiegend als verbesserungsbed\u00fcrftig angesehen. Damit mehr Menschen sich zum Betreuungsassistenten ausbilden lassen und Demenzkranke mehr Unterst\u00fctzung bekommen, bieten die Malteser ab Dezember wieder zwei Wochenendkurse zur Qualifikation zum Betreuungsassistenten an.<\/p>\n","protected":false},"author":4,"featured_media":0,"comment_status":"closed","ping_status":"open","sticky":false,"template":"","format":"standard","meta":[],"categories":[2],"tags":[],"_links":{"self":[{"href":"http:\/\/cms.mtsomnii.de\/w7\/wp-json\/wp\/v2\/posts\/7390"}],"collection":[{"href":"http:\/\/cms.mtsomnii.de\/w7\/wp-json\/wp\/v2\/posts"}],"about":[{"href":"http:\/\/cms.mtsomnii.de\/w7\/wp-json\/wp\/v2\/types\/post"}],"author":[{"embeddable":true,"href":"http:\/\/cms.mtsomnii.de\/w7\/wp-json\/wp\/v2\/users\/4"}],"replies":[{"embeddable":true,"href":"http:\/\/cms.mtsomnii.de\/w7\/wp-json\/wp\/v2\/comments?post=7390"}],"version-history":[{"count":0,"href":"http:\/\/cms.mtsomnii.de\/w7\/wp-json\/wp\/v2\/posts\/7390\/revisions"}],"wp:attachment":[{"href":"http:\/\/cms.mtsomnii.de\/w7\/wp-json\/wp\/v2\/media?parent=7390"}],"wp:term":[{"taxonomy":"category","embeddable":true,"href":"http:\/\/cms.mtsomnii.de\/w7\/wp-json\/wp\/v2\/categories?post=7390"},{"taxonomy":"post_tag","embeddable":true,"href":"http:\/\/cms.mtsomnii.de\/w7\/wp-json\/wp\/v2\/tags?post=7390"}],"curies":[{"name":"wp","href":"https:\/\/api.w.org\/{rel}","templated":true}]}}