{"id":7399,"date":"2021-10-27T06:00:00","date_gmt":"2021-10-27T04:00:00","guid":{"rendered":"http:\/\/cms.mtsomnii.de\/w7\/merkur-de-gap\/schwerer-unfall-am-walchensee-91076552-html-2-7399\/"},"modified":"2021-10-27T06:00:00","modified_gmt":"2021-10-27T04:00:00","slug":"schwerer-unfall-am-walchensee-91076552-html-2","status":"publish","type":"post","link":"http:\/\/cms.mtsomnii.de\/w7\/merkur-de-gap\/schwerer-unfall-am-walchensee-91076552-html-2-7399\/","title":{"rendered":"Schwerer Unfall am Walchensee: Audi kracht in Lkw &#8211; Fahrer (31) k\u00e4mpft um sein Leben"},"content":{"rendered":"<div>Dutzende Rettungskr\u00e4fte waren am Dienstagmittag am Walchensee auf der Bundesstra\u00dfe 11 im Einsatz. Auf H\u00f6he Einsiedl hatte sich ein schwerer Unfall ereignet.<\/div>\n","protected":false},"excerpt":{"rendered":"<p>Dutzende Rettungskr\u00e4fte waren am Dienstagmittag am Walchensee auf der Bundesstra\u00dfe 11 im Einsatz. Auf H\u00f6he Einsiedl hatte sich ein schwerer Unfall ereignet.<\/p>\n","protected":false},"author":5,"featured_media":0,"comment_status":"closed","ping_status":"open","sticky":false,"template":"","format":"standard","meta":[],"categories":[5],"tags":[],"_links":{"self":[{"href":"http:\/\/cms.mtsomnii.de\/w7\/wp-json\/wp\/v2\/posts\/7399"}],"collection":[{"href":"http:\/\/cms.mtsomnii.de\/w7\/wp-json\/wp\/v2\/posts"}],"about":[{"href":"http:\/\/cms.mtsomnii.de\/w7\/wp-json\/wp\/v2\/types\/post"}],"author":[{"embeddable":true,"href":"http:\/\/cms.mtsomnii.de\/w7\/wp-json\/wp\/v2\/users\/5"}],"replies":[{"embeddable":true,"href":"http:\/\/cms.mtsomnii.de\/w7\/wp-json\/wp\/v2\/comments?post=7399"}],"version-history":[{"count":0,"href":"http:\/\/cms.mtsomnii.de\/w7\/wp-json\/wp\/v2\/posts\/7399\/revisions"}],"wp:attachment":[{"href":"http:\/\/cms.mtsomnii.de\/w7\/wp-json\/wp\/v2\/media?parent=7399"}],"wp:term":[{"taxonomy":"category","embeddable":true,"href":"http:\/\/cms.mtsomnii.de\/w7\/wp-json\/wp\/v2\/categories?post=7399"},{"taxonomy":"post_tag","embeddable":true,"href":"http:\/\/cms.mtsomnii.de\/w7\/wp-json\/wp\/v2\/tags?post=7399"}],"curies":[{"name":"wp","href":"https:\/\/api.w.org\/{rel}","templated":true}]}}