{"id":7402,"date":"2021-10-27T09:00:00","date_gmt":"2021-10-27T07:00:00","guid":{"rendered":"http:\/\/cms.mtsomnii.de\/w7\/kreisbote-gap\/kinder-in-atwima-murnau-setzen-sich-fuer-klimaschutz-ein-91068345-html-7402\/"},"modified":"2021-10-27T09:00:00","modified_gmt":"2021-10-27T07:00:00","slug":"kinder-in-atwima-murnau-setzen-sich-fuer-klimaschutz-ein-91068345-html","status":"publish","type":"post","link":"http:\/\/cms.mtsomnii.de\/w7\/kreisbote-gap\/kinder-in-atwima-murnau-setzen-sich-fuer-klimaschutz-ein-91068345-html-7402\/","title":{"rendered":"\u00dcber Kontinente hinweg"},"content":{"rendered":"<div>Murnau \u2013 Gemeinsam f\u00fcr den Klimaschutz und \u00fcber Kontinente hinweg: Sch\u00fclerinnen und Sch\u00fcler der German Ghanaian School in Atwima haben auf ihrem Schulgel\u00e4nde einen eigenen kleinen Wald gepflanzt. Das Geld f\u00fcr die B\u00e4ume sammelten die Grundschulkinder der Emanuel-von-Seidl-Grundschule in Murnau.<\/div>\n","protected":false},"excerpt":{"rendered":"<p>Murnau \u2013 Gemeinsam f\u00fcr den Klimaschutz und \u00fcber Kontinente hinweg: Sch\u00fclerinnen und Sch\u00fcler der German Ghanaian School in Atwima haben auf ihrem Schulgel\u00e4nde einen eigenen kleinen Wald gepflanzt. Das Geld f\u00fcr die B\u00e4ume sammelten die Grundschulkinder der Emanuel-von-Seidl-Grundschule in Murnau.<\/p>\n","protected":false},"author":4,"featured_media":0,"comment_status":"closed","ping_status":"open","sticky":false,"template":"","format":"standard","meta":[],"categories":[2],"tags":[],"_links":{"self":[{"href":"http:\/\/cms.mtsomnii.de\/w7\/wp-json\/wp\/v2\/posts\/7402"}],"collection":[{"href":"http:\/\/cms.mtsomnii.de\/w7\/wp-json\/wp\/v2\/posts"}],"about":[{"href":"http:\/\/cms.mtsomnii.de\/w7\/wp-json\/wp\/v2\/types\/post"}],"author":[{"embeddable":true,"href":"http:\/\/cms.mtsomnii.de\/w7\/wp-json\/wp\/v2\/users\/4"}],"replies":[{"embeddable":true,"href":"http:\/\/cms.mtsomnii.de\/w7\/wp-json\/wp\/v2\/comments?post=7402"}],"version-history":[{"count":0,"href":"http:\/\/cms.mtsomnii.de\/w7\/wp-json\/wp\/v2\/posts\/7402\/revisions"}],"wp:attachment":[{"href":"http:\/\/cms.mtsomnii.de\/w7\/wp-json\/wp\/v2\/media?parent=7402"}],"wp:term":[{"taxonomy":"category","embeddable":true,"href":"http:\/\/cms.mtsomnii.de\/w7\/wp-json\/wp\/v2\/categories?post=7402"},{"taxonomy":"post_tag","embeddable":true,"href":"http:\/\/cms.mtsomnii.de\/w7\/wp-json\/wp\/v2\/tags?post=7402"}],"curies":[{"name":"wp","href":"https:\/\/api.w.org\/{rel}","templated":true}]}}