{"id":7433,"date":"2021-10-28T14:49:08","date_gmt":"2021-10-28T12:49:08","guid":{"rendered":"http:\/\/cms.mtsomnii.de\/w7\/kulinaria\/yeoldekitchen-com\/rote-bete-tarte-mit-frischem-meerrettich-und-fetakaese-7433\/"},"modified":"2021-10-28T14:49:08","modified_gmt":"2021-10-28T12:49:08","slug":"rote-bete-tarte-mit-frischem-meerrettich-und-fetakaese","status":"publish","type":"post","link":"http:\/\/cms.mtsomnii.de\/w7\/kulinaria\/yeoldekitchen-com\/rote-bete-tarte-mit-frischem-meerrettich-und-fetakaese-7433\/","title":{"rendered":"Rote Bete Tarte mit frischem Meerrettich, Waln\u00fcssen und Fetak\u00e4se"},"content":{"rendered":"<div>\n<p>Lange Zeit war es still hier, das Leben fand statt. Jetzt ist der Herbst schon in vollem Gange und es wird Zeit f\u00fcr ein neues Rezept. F\u00fcr die Herbstrunde von #saisonalschmecktsbesser haben wir endlich mal wieder eine Tarte mit rote Bete, Meerrettich, Waln\u00fcssen und Fetak\u00e4se gebacken. Und wer wei\u00df, vielleicht folgen hier in den n\u00e4chsten Wochen auch weitere neue Rezepte.<\/p>\n<\/p>\n<p>Bis dahin d\u00fcrft ihr sehr gern bei unseren Bloggerkolleg_innen vorbeischauen, die allesamt wieder k\u00f6stliche Gerichte beigesteuert haben:<\/p>\n<p>M\u00f6hreneck <a title=\"M\u00f6hreneck\" href=\"https:\/\/www.moehreneck.de\/2021\/10\/28\/sauerkraut-fenchel-tarte\/\" target=\"_blank\" rel=\"noopener\">Sauerkraut-Fenchel-Tarte<\/a><\/p>\n<p>Brotwein <a title=\"Brotwein\" href=\"https:\/\/brotwein.net\/pilzgulasch-rezept-5602\" target=\"_blank\" rel=\"noopener\">Pilzgulasch Rezept<\/a><\/p>\n<p>Lebkuchennest <a title=\"Lebkuchennest\" href=\"https:\/\/www.lebkuchennest.de\/bete-bourguignon-foodblogger-saisonkalender\/\" target=\"_blank\" rel=\"noopener\">Bete Bourguignon <\/a><\/p>\n<p>thecookingknitter <a title=\"thecookingknitter\" href=\"https:\/\/www.thecookingknitter.com\/cremige-wirsing-pasta-mit-schinken-und-parmesan\" target=\"_blank\" rel=\"noopener\">Cremige Wirsing-Pasta mit Schinken und Parmesan<\/a><\/p>\n<p>Obers trifft Sahne <a title=\"Obers trifft Sahne\" href=\"https:\/\/www.oberstrifftsahne.com\/2021\/10\/saisonal-schmeckt-besser-der-burger-fur.html\" target=\"_blank\" rel=\"noopener\">Vegetarischer K\u00fcrbis Burger<\/a><\/p>\n<p>Feed me up before you go-go <a title=\"Feed me up before you go-go\" href=\"https:\/\/feedmeupbeforeyougogo.de\/2021\/10\/28\/kuerbis-mangold-lasagne-mit-kuerbis-sherry-bechamel\" target=\"_blank\" rel=\"noopener\">K\u00fcrbis-Mangold-Lasagne mit K\u00fcrbis-Sherry-B\u00e9chamel<\/a><\/p>\n<p>Langsamkochtbesser <a title=\"Langsamkochtbesser\" href=\"https:\/\/slowcooker.de\/2021\/herbstmenue-mit-kuerbissalat\/\" target=\"_blank\" rel=\"noopener\">Herbstmen\u00fc mit K\u00fcrbissalat<\/a><\/p>\n<p>M\u00fcnchner K\u00fcche <a title=\"M\u00fcnchner K\u00fcche\" href=\"https:\/\/www.muenchner-kueche.de\/2021\/10\/kurbis-hackfleisch-topf.html\" target=\"_blank\" rel=\"noopener\">K\u00fcrbis-Hackfleisch-Topf<\/a><\/p>\n<p>K\u00fcchenlatein <a title=\"K\u00fcchenlatein\" href=\"https:\/\/kuechenlatein.com\/blumenkohl-zitronen-suppe\/\" target=\"_blank\" rel=\"noopener\">Blumenkohl-Zitronen-Suppe<\/a><\/p>\n<p>Hautgout <a title=\"Haut Gout\" href=\"https:\/\/www.haut-gout.de\/wordpress\/2021\/10\/28\/einen-neuen-pilz-finden-und-probieren\" target=\"_blank\" rel=\"noopener\">Pilze finden<\/a>\u00a0\u00a0<\/p>\n<p>Jankes*Seelenschmaus <a title=\"Jankes*Seelenschmaus\" href=\"https:\/\/www.jankes-seelenschmaus.de\/2021\/10\/wirsing-spaetzle-pfanne.html\" target=\"_blank\" rel=\"noopener\">Wirsing-Sp\u00e4tzle-Pfanne mit Pilzen<\/a><\/p>\n<p>pastasciutta.de\u00a0<a title=\"pastasciutta\" href=\"https:\/\/pastasciuttablog.blogspot.com\/2021\/10\/sauerkrautgratin.html\" target=\"_blank\" rel=\"noopener\">Sauerkrautgratin mit K\u00fcrbis<\/a><\/p>\n<p>Kleines Kuliversum <a title=\"Kleines Kuliversum\" href=\"https:\/\/www.kleineskuliversum.com\/kuerbis-panzanella\/\" target=\"_blank\" rel=\"noopener\">K\u00fcrbis Panzanella<\/a><\/p>\n<p>\u00a0<\/p>\n<\/div>\n","protected":false},"excerpt":{"rendered":"<div>\n<p>Lange Zeit war es still hier, das Leben fand statt. Jetzt ist der Herbst schon in vollem Gange und es wird Zeit f\u00fcr ein neues Rezept. F\u00fcr die Herbstrunde von #saisonalschmecktsbesser haben wir endlich mal wieder eine Tarte mit rote Bete, Meerrettich, Waln\u00fcssen und Fetak\u00e4se gebacken. Und wer wei\u00df, vielleicht folgen hier in den n\u00e4chsten Wochen auch weitere neue Rezepte.<\/p>\n<p><img loading=\"lazy\" class=\"leftAlone\" title=\"\" src=\"https:\/\/yeoldekitchen.com\/assets\/Uploads\/_resampled\/ResizedImageWzYwMCw5MDBd\/Rote-Bete-Tarte-mit-Walnuessen-Meerrettich-und-Fetakaese2.jpg\" alt=\"Rote Bete Tarte mit Walnuessen Meerrettich und Fetakaese2\" width=\"600\" height=\"900\"><\/p>\n<p>Bis dahin d\u00fcrft ihr sehr gern bei unseren Bloggerkolleg_innen vorbeischauen, die allesamt wieder k\u00f6stliche Gerichte beigesteuert haben:<\/p>\n<p>M\u00f6hreneck <a title=\"M\u00f6hreneck\" href=\"https:\/\/www.moehreneck.de\/2021\/10\/28\/sauerkraut-fenchel-tarte\/\" target=\"_blank\" rel=\"noopener\">Sauerkraut-Fenchel-Tarte<\/a><\/p>\n<p>Brotwein <a title=\"Brotwein\" href=\"https:\/\/brotwein.net\/pilzgulasch-rezept-5602\" target=\"_blank\" rel=\"noopener\">Pilzgulasch Rezept<\/a><\/p>\n<p>Lebkuchennest <a title=\"Lebkuchennest\" href=\"https:\/\/www.lebkuchennest.de\/bete-bourguignon-foodblogger-saisonkalender\/\" target=\"_blank\" rel=\"noopener\">Bete Bourguignon <\/a><\/p>\n<p>thecookingknitter <a title=\"thecookingknitter\" href=\"https:\/\/www.thecookingknitter.com\/cremige-wirsing-pasta-mit-schinken-und-parmesan\" target=\"_blank\" rel=\"noopener\">Cremige Wirsing-Pasta mit Schinken und Parmesan<\/a><\/p>\n<p>Obers trifft Sahne <a title=\"Obers trifft Sahne\" href=\"https:\/\/www.oberstrifftsahne.com\/2021\/10\/saisonal-schmeckt-besser-der-burger-fur.html\" target=\"_blank\" rel=\"noopener\">Vegetarischer K\u00fcrbis Burger<\/a><\/p>\n<p>Feed me up before you go-go <a title=\"Feed me up before you go-go\" href=\"https:\/\/feedmeupbeforeyougogo.de\/2021\/10\/28\/kuerbis-mangold-lasagne-mit-kuerbis-sherry-bechamel\" target=\"_blank\" rel=\"noopener\">K\u00fcrbis-Mangold-Lasagne mit K\u00fcrbis-Sherry-B\u00e9chamel<\/a><\/p>\n<p>Langsamkochtbesser <a title=\"Langsamkochtbesser\" href=\"https:\/\/slowcooker.de\/2021\/herbstmenue-mit-kuerbissalat\/\" target=\"_blank\" rel=\"noopener\">Herbstmen\u00fc mit K\u00fcrbissalat<\/a><\/p>\n<p>M\u00fcnchner K\u00fcche <a title=\"M\u00fcnchner K\u00fcche\" href=\"https:\/\/www.muenchner-kueche.de\/2021\/10\/kurbis-hackfleisch-topf.html\" target=\"_blank\" rel=\"noopener\">K\u00fcrbis-Hackfleisch-Topf<\/a><\/p>\n<p>K\u00fcchenlatein <a title=\"K\u00fcchenlatein\" href=\"https:\/\/kuechenlatein.com\/blumenkohl-zitronen-suppe\/\" target=\"_blank\" rel=\"noopener\">Blumenkohl-Zitronen-Suppe<\/a><\/p>\n<p>Hautgout <a title=\"Haut Gout\" href=\"https:\/\/www.haut-gout.de\/wordpress\/2021\/10\/28\/einen-neuen-pilz-finden-und-probieren\" target=\"_blank\" rel=\"noopener\">Pilze finden<\/a>\u00a0\u00a0<\/p>\n<p>Jankes*Seelenschmaus <a title=\"Jankes*Seelenschmaus\" href=\"https:\/\/www.jankes-seelenschmaus.de\/2021\/10\/wirsing-spaetzle-pfanne.html\" target=\"_blank\" rel=\"noopener\">Wirsing-Sp\u00e4tzle-Pfanne mit Pilzen<\/a><\/p>\n<p>pastasciutta.de\u00a0<a title=\"pastasciutta\" href=\"https:\/\/pastasciuttablog.blogspot.com\/2021\/10\/sauerkrautgratin.html\" target=\"_blank\" rel=\"noopener\">Sauerkrautgratin mit K\u00fcrbis<\/a><\/p>\n<p>Kleines Kuliversum <a title=\"Kleines Kuliversum\" href=\"https:\/\/www.kleineskuliversum.com\/kuerbis-panzanella\/\" target=\"_blank\" rel=\"noopener\">K\u00fcrbis Panzanella<\/a><\/p>\n<p>\u00a0<\/p>\n<\/div>\n","protected":false},"author":8,"featured_media":0,"comment_status":"closed","ping_status":"open","sticky":false,"template":"","format":"standard","meta":[],"categories":[98],"tags":[],"_links":{"self":[{"href":"http:\/\/cms.mtsomnii.de\/w7\/wp-json\/wp\/v2\/posts\/7433"}],"collection":[{"href":"http:\/\/cms.mtsomnii.de\/w7\/wp-json\/wp\/v2\/posts"}],"about":[{"href":"http:\/\/cms.mtsomnii.de\/w7\/wp-json\/wp\/v2\/types\/post"}],"author":[{"embeddable":true,"href":"http:\/\/cms.mtsomnii.de\/w7\/wp-json\/wp\/v2\/users\/8"}],"replies":[{"embeddable":true,"href":"http:\/\/cms.mtsomnii.de\/w7\/wp-json\/wp\/v2\/comments?post=7433"}],"version-history":[{"count":0,"href":"http:\/\/cms.mtsomnii.de\/w7\/wp-json\/wp\/v2\/posts\/7433\/revisions"}],"wp:attachment":[{"href":"http:\/\/cms.mtsomnii.de\/w7\/wp-json\/wp\/v2\/media?parent=7433"}],"wp:term":[{"taxonomy":"category","embeddable":true,"href":"http:\/\/cms.mtsomnii.de\/w7\/wp-json\/wp\/v2\/categories?post=7433"},{"taxonomy":"post_tag","embeddable":true,"href":"http:\/\/cms.mtsomnii.de\/w7\/wp-json\/wp\/v2\/tags?post=7433"}],"curies":[{"name":"wp","href":"https:\/\/api.w.org\/{rel}","templated":true}]}}