{"id":7435,"date":"2021-10-29T09:00:00","date_gmt":"2021-10-29T07:00:00","guid":{"rendered":"http:\/\/cms.mtsomnii.de\/w7\/merkur-de-gap\/die-nacht-der-musicals-in-garmisch-partenkirchen-91075500-html-2-7435\/"},"modified":"2021-10-29T09:00:00","modified_gmt":"2021-10-29T07:00:00","slug":"die-nacht-der-musicals-in-garmisch-partenkirchen-91075500-html-2","status":"publish","type":"post","link":"http:\/\/cms.mtsomnii.de\/w7\/merkur-de-gap\/die-nacht-der-musicals-in-garmisch-partenkirchen-91075500-html-2-7435\/","title":{"rendered":"Die Nacht der Musicals in Garmisch-Partenkirchen"},"content":{"rendered":"<div>GAP \u2013 Die Nacht der Musicals \u2013 Das Original begeistert bereits seit \u00fcber 20 Jahren mehr als 2 Millionen Besucher und kommt Ende 2021 wieder in die Hallen und S\u00e4le Deutschlands und \u00d6sterreichs.<\/div>\n","protected":false},"excerpt":{"rendered":"<p>GAP \u2013 Die Nacht der Musicals \u2013 Das Original begeistert bereits seit \u00fcber 20 Jahren mehr als 2 Millionen Besucher und kommt Ende 2021 wieder in die Hallen und S\u00e4le Deutschlands und \u00d6sterreichs.<\/p>\n","protected":false},"author":5,"featured_media":0,"comment_status":"closed","ping_status":"open","sticky":false,"template":"","format":"standard","meta":[],"categories":[5],"tags":[],"_links":{"self":[{"href":"http:\/\/cms.mtsomnii.de\/w7\/wp-json\/wp\/v2\/posts\/7435"}],"collection":[{"href":"http:\/\/cms.mtsomnii.de\/w7\/wp-json\/wp\/v2\/posts"}],"about":[{"href":"http:\/\/cms.mtsomnii.de\/w7\/wp-json\/wp\/v2\/types\/post"}],"author":[{"embeddable":true,"href":"http:\/\/cms.mtsomnii.de\/w7\/wp-json\/wp\/v2\/users\/5"}],"replies":[{"embeddable":true,"href":"http:\/\/cms.mtsomnii.de\/w7\/wp-json\/wp\/v2\/comments?post=7435"}],"version-history":[{"count":0,"href":"http:\/\/cms.mtsomnii.de\/w7\/wp-json\/wp\/v2\/posts\/7435\/revisions"}],"wp:attachment":[{"href":"http:\/\/cms.mtsomnii.de\/w7\/wp-json\/wp\/v2\/media?parent=7435"}],"wp:term":[{"taxonomy":"category","embeddable":true,"href":"http:\/\/cms.mtsomnii.de\/w7\/wp-json\/wp\/v2\/categories?post=7435"},{"taxonomy":"post_tag","embeddable":true,"href":"http:\/\/cms.mtsomnii.de\/w7\/wp-json\/wp\/v2\/tags?post=7435"}],"curies":[{"name":"wp","href":"https:\/\/api.w.org\/{rel}","templated":true}]}}