{"id":7439,"date":"2021-10-29T11:00:00","date_gmt":"2021-10-29T09:00:00","guid":{"rendered":"http:\/\/cms.mtsomnii.de\/w7\/kreisbote-gap\/ruhebaenke-fuer-den-mittenwalder-friedhof-91075516-html-7439\/"},"modified":"2021-10-29T11:00:00","modified_gmt":"2021-10-29T09:00:00","slug":"ruhebaenke-fuer-den-mittenwalder-friedhof-91075516-html","status":"publish","type":"post","link":"http:\/\/cms.mtsomnii.de\/w7\/kreisbote-gap\/ruhebaenke-fuer-den-mittenwalder-friedhof-91075516-html-7439\/","title":{"rendered":"Ruheb\u00e4nke f\u00fcr den Mittenwalder Friedhof"},"content":{"rendered":"<div>Mittenwald \u2013 \u201eErinnerungen sind Zeitreisen, die uns zu zur\u00fcck zu unseren sch\u00f6nsten Augenblicke f\u00fchren\u201c. Dieser auf einem kleinen Messingschild eingravierte Spruch ziert eine der beiden Ruheb\u00e4nke, die der christliche Frauen- und M\u00fctterverein dem Gemeindefriedhof spendiert hat. \u201eAuf Vorschlag unserer Ex-Beisitzerin Annelies Heigl von der Friedhofsverwaltung\u201c, erkl\u00e4rt Vorsitzende Marlene Sch\u00f6pf, \u201ehaben wir uns bereit erkl\u00e4rt, daf\u00fcr 400 Euro zu spenden\u201c. Die zwei gr\u00fcnen Ruhem\u00f6glichkeiten wurden durch den Bauhof rund 20 und 40 Meter hinter der Eingangst\u00fcr gegen\u00fcber Elektro Fichtl am Friedhofsweg aufgestellt. \u201eGedacht zum Ausruhen und Innehalten f\u00fcr alle Friedhofsbesucher\u201c, erg\u00e4nzt die zweite Vorsitzende Magdalena Sailer, \u201ef\u00fcr die Angeh\u00f6rigen von Verstorbenen sind von der Marktgemeinde ja schon B\u00e4nke vor den Urnenw\u00e4nden und der Friedhofskapelle aufgestellt worden\u201c.  kun<\/div>\n","protected":false},"excerpt":{"rendered":"<p>Mittenwald \u2013 \u201eErinnerungen sind Zeitreisen, die uns zu zur\u00fcck zu unseren sch\u00f6nsten Augenblicke f\u00fchren\u201c. Dieser auf einem kleinen Messingschild eingravierte Spruch ziert eine der beiden Ruheb\u00e4nke, die der christliche Frauen- und M\u00fctterverein dem Gemeindefriedhof spendiert hat. \u201eAuf Vorschlag unserer Ex-Beisitzerin Annelies Heigl von der Friedhofsverwaltung\u201c, erkl\u00e4rt Vorsitzende Marlene Sch\u00f6pf, \u201ehaben wir uns bereit erkl\u00e4rt, daf\u00fcr 400 Euro zu spenden\u201c. Die<\/p>\n","protected":false},"author":4,"featured_media":0,"comment_status":"closed","ping_status":"open","sticky":false,"template":"","format":"standard","meta":[],"categories":[2],"tags":[],"_links":{"self":[{"href":"http:\/\/cms.mtsomnii.de\/w7\/wp-json\/wp\/v2\/posts\/7439"}],"collection":[{"href":"http:\/\/cms.mtsomnii.de\/w7\/wp-json\/wp\/v2\/posts"}],"about":[{"href":"http:\/\/cms.mtsomnii.de\/w7\/wp-json\/wp\/v2\/types\/post"}],"author":[{"embeddable":true,"href":"http:\/\/cms.mtsomnii.de\/w7\/wp-json\/wp\/v2\/users\/4"}],"replies":[{"embeddable":true,"href":"http:\/\/cms.mtsomnii.de\/w7\/wp-json\/wp\/v2\/comments?post=7439"}],"version-history":[{"count":0,"href":"http:\/\/cms.mtsomnii.de\/w7\/wp-json\/wp\/v2\/posts\/7439\/revisions"}],"wp:attachment":[{"href":"http:\/\/cms.mtsomnii.de\/w7\/wp-json\/wp\/v2\/media?parent=7439"}],"wp:term":[{"taxonomy":"category","embeddable":true,"href":"http:\/\/cms.mtsomnii.de\/w7\/wp-json\/wp\/v2\/categories?post=7439"},{"taxonomy":"post_tag","embeddable":true,"href":"http:\/\/cms.mtsomnii.de\/w7\/wp-json\/wp\/v2\/tags?post=7439"}],"curies":[{"name":"wp","href":"https:\/\/api.w.org\/{rel}","templated":true}]}}