{"id":7459,"date":"2021-10-31T22:20:00","date_gmt":"2021-10-31T21:20:00","guid":{"rendered":"http:\/\/cms.mtsomnii.de\/w7\/merkur-de-gap\/zusammenstoss-mit-zahnradbahn-83-jaehriger-autofahrer-stirbt-91086496-html-2-7459\/"},"modified":"2021-10-31T22:20:00","modified_gmt":"2021-10-31T21:20:00","slug":"zusammenstoss-mit-zahnradbahn-83-jaehriger-autofahrer-stirbt-91086496-html-2","status":"publish","type":"post","link":"http:\/\/cms.mtsomnii.de\/w7\/merkur-de-gap\/zusammenstoss-mit-zahnradbahn-83-jaehriger-autofahrer-stirbt-91086496-html-2-7459\/","title":{"rendered":"Ungl\u00fcck in Grainau: Zugspitzbahn erfasst Fiat &#8211; 83-j\u00e4hriger Autofahrer stirbt"},"content":{"rendered":"<div>Zu einem schrecklichen Unfall ist es am Sonntagnachmittag in Grainau gekommen: Ein 83-j\u00e4hriger Autofahrer \u00fcbersah die Zugspitz-Zahnradbahn und wurde t\u00f6dlich verletzt.<\/div>\n","protected":false},"excerpt":{"rendered":"<p>Zu einem schrecklichen Unfall ist es am Sonntagnachmittag in Grainau gekommen: Ein 83-j\u00e4hriger Autofahrer \u00fcbersah die Zugspitz-Zahnradbahn und wurde t\u00f6dlich verletzt.<\/p>\n","protected":false},"author":5,"featured_media":0,"comment_status":"closed","ping_status":"open","sticky":false,"template":"","format":"standard","meta":[],"categories":[5],"tags":[],"_links":{"self":[{"href":"http:\/\/cms.mtsomnii.de\/w7\/wp-json\/wp\/v2\/posts\/7459"}],"collection":[{"href":"http:\/\/cms.mtsomnii.de\/w7\/wp-json\/wp\/v2\/posts"}],"about":[{"href":"http:\/\/cms.mtsomnii.de\/w7\/wp-json\/wp\/v2\/types\/post"}],"author":[{"embeddable":true,"href":"http:\/\/cms.mtsomnii.de\/w7\/wp-json\/wp\/v2\/users\/5"}],"replies":[{"embeddable":true,"href":"http:\/\/cms.mtsomnii.de\/w7\/wp-json\/wp\/v2\/comments?post=7459"}],"version-history":[{"count":0,"href":"http:\/\/cms.mtsomnii.de\/w7\/wp-json\/wp\/v2\/posts\/7459\/revisions"}],"wp:attachment":[{"href":"http:\/\/cms.mtsomnii.de\/w7\/wp-json\/wp\/v2\/media?parent=7459"}],"wp:term":[{"taxonomy":"category","embeddable":true,"href":"http:\/\/cms.mtsomnii.de\/w7\/wp-json\/wp\/v2\/categories?post=7459"},{"taxonomy":"post_tag","embeddable":true,"href":"http:\/\/cms.mtsomnii.de\/w7\/wp-json\/wp\/v2\/tags?post=7459"}],"curies":[{"name":"wp","href":"https:\/\/api.w.org\/{rel}","templated":true}]}}