{"id":7466,"date":"2021-11-02T08:56:42","date_gmt":"2021-11-02T07:56:42","guid":{"rendered":"http:\/\/cms.mtsomnii.de\/w7\/kreisbote-gap\/zusammenstoss-zwischen-zugspitzbahn-und-pkw-endet-in-grainau-toedlich-91088746-html-7466\/"},"modified":"2021-11-02T08:56:42","modified_gmt":"2021-11-02T07:56:42","slug":"zusammenstoss-zwischen-zugspitzbahn-und-pkw-endet-in-grainau-toedlich-91088746-html","status":"publish","type":"post","link":"http:\/\/cms.mtsomnii.de\/w7\/kreisbote-gap\/zusammenstoss-zwischen-zugspitzbahn-und-pkw-endet-in-grainau-toedlich-91088746-html-7466\/","title":{"rendered":"Zusammensto\u00df zwischen Zugspitzbahn und Pkw endet in Grainau t\u00f6dlich"},"content":{"rendered":"<div>Grainau &#8211; Am Sonntag, den 31. Oktober, gegen 14:30 Uhr, kam es an dem unbeschrankten Bahn\u00fcbergang in der Stra\u00dfe \u201eWaldwinkl\u201c in Grainau zu einem schweren Verkehrsunfall. Ein 83-j\u00e4hriger Grainauer war mit seinem Pkw in s\u00fcdlicher Richtung trotz Rotlicht \u00fcber den dortigen Bahn\u00fcbergang gefahren und wurde von einem Triebwagen der Bayerischen Zugspitzbahn, welcher in Richtung Garmisch-Partenkirchen unterwegs war, erfasst. Der Fahrer des Pkws wurde schwer verletzt und erlag am Unfallort seinen Verletzungen.<\/div>\n","protected":false},"excerpt":{"rendered":"<p>Grainau &#8211; Am Sonntag, den 31. Oktober, gegen 14:30 Uhr, kam es an dem unbeschrankten Bahn\u00fcbergang in der Stra\u00dfe \u201eWaldwinkl\u201c in Grainau zu einem schweren Verkehrsunfall. Ein 83-j\u00e4hriger Grainauer war mit seinem Pkw in s\u00fcdlicher Richtung trotz Rotlicht \u00fcber den dortigen Bahn\u00fcbergang gefahren und wurde von einem Triebwagen der Bayerischen Zugspitzbahn, welcher in Richtung Garmisch-Partenkirchen unterwegs war, erfasst. Der Fahrer<\/p>\n","protected":false},"author":4,"featured_media":0,"comment_status":"closed","ping_status":"open","sticky":false,"template":"","format":"standard","meta":[],"categories":[2],"tags":[],"_links":{"self":[{"href":"http:\/\/cms.mtsomnii.de\/w7\/wp-json\/wp\/v2\/posts\/7466"}],"collection":[{"href":"http:\/\/cms.mtsomnii.de\/w7\/wp-json\/wp\/v2\/posts"}],"about":[{"href":"http:\/\/cms.mtsomnii.de\/w7\/wp-json\/wp\/v2\/types\/post"}],"author":[{"embeddable":true,"href":"http:\/\/cms.mtsomnii.de\/w7\/wp-json\/wp\/v2\/users\/4"}],"replies":[{"embeddable":true,"href":"http:\/\/cms.mtsomnii.de\/w7\/wp-json\/wp\/v2\/comments?post=7466"}],"version-history":[{"count":0,"href":"http:\/\/cms.mtsomnii.de\/w7\/wp-json\/wp\/v2\/posts\/7466\/revisions"}],"wp:attachment":[{"href":"http:\/\/cms.mtsomnii.de\/w7\/wp-json\/wp\/v2\/media?parent=7466"}],"wp:term":[{"taxonomy":"category","embeddable":true,"href":"http:\/\/cms.mtsomnii.de\/w7\/wp-json\/wp\/v2\/categories?post=7466"},{"taxonomy":"post_tag","embeddable":true,"href":"http:\/\/cms.mtsomnii.de\/w7\/wp-json\/wp\/v2\/tags?post=7466"}],"curies":[{"name":"wp","href":"https:\/\/api.w.org\/{rel}","templated":true}]}}