{"id":7470,"date":"2021-11-02T09:39:09","date_gmt":"2021-11-02T08:39:09","guid":{"rendered":"http:\/\/cms.mtsomnii.de\/w7\/merkur-de-gap\/zusammenstoss-mit-zahnradbahn-83-jaehriger-autofahrer-stirbt-91086496-html-5-7470\/"},"modified":"2021-11-02T09:39:09","modified_gmt":"2021-11-02T08:39:09","slug":"zusammenstoss-mit-zahnradbahn-83-jaehriger-autofahrer-stirbt-91086496-html-5","status":"publish","type":"post","link":"http:\/\/cms.mtsomnii.de\/w7\/merkur-de-gap\/zusammenstoss-mit-zahnradbahn-83-jaehriger-autofahrer-stirbt-91086496-html-5-7470\/","title":{"rendered":"Ungl\u00fcck in Grainau: Zugspitzbahn erfasst Fiat &#8211; 83-j\u00e4hriger Autofahrer stirbt"},"content":{"rendered":"<div>Ein schreckliches Zugungl\u00fcck, das am Sonntagnachmittag passierte, ersch\u00fcttert Grainau: Ein 83-j\u00e4hriger Ortsbewohner wurde an einem unbeschrankten Bahn\u00fcbergang mit seinem Kleinwagen von der Zugspitzbahn mitgerissen und erlag am Unfallort seinen Verletzungen. Der tragische Vorfall d\u00fcrfte nun eine Sicherheitsdebatte ausl\u00f6sen.<\/div>\n","protected":false},"excerpt":{"rendered":"<p>Ein schreckliches Zugungl\u00fcck, das am Sonntagnachmittag passierte, ersch\u00fcttert Grainau: Ein 83-j\u00e4hriger Ortsbewohner wurde an einem unbeschrankten Bahn\u00fcbergang mit seinem Kleinwagen von der Zugspitzbahn mitgerissen und erlag am Unfallort seinen Verletzungen. Der tragische Vorfall d\u00fcrfte nun eine Sicherheitsdebatte ausl\u00f6sen.<\/p>\n","protected":false},"author":5,"featured_media":0,"comment_status":"closed","ping_status":"open","sticky":false,"template":"","format":"standard","meta":[],"categories":[5],"tags":[],"_links":{"self":[{"href":"http:\/\/cms.mtsomnii.de\/w7\/wp-json\/wp\/v2\/posts\/7470"}],"collection":[{"href":"http:\/\/cms.mtsomnii.de\/w7\/wp-json\/wp\/v2\/posts"}],"about":[{"href":"http:\/\/cms.mtsomnii.de\/w7\/wp-json\/wp\/v2\/types\/post"}],"author":[{"embeddable":true,"href":"http:\/\/cms.mtsomnii.de\/w7\/wp-json\/wp\/v2\/users\/5"}],"replies":[{"embeddable":true,"href":"http:\/\/cms.mtsomnii.de\/w7\/wp-json\/wp\/v2\/comments?post=7470"}],"version-history":[{"count":0,"href":"http:\/\/cms.mtsomnii.de\/w7\/wp-json\/wp\/v2\/posts\/7470\/revisions"}],"wp:attachment":[{"href":"http:\/\/cms.mtsomnii.de\/w7\/wp-json\/wp\/v2\/media?parent=7470"}],"wp:term":[{"taxonomy":"category","embeddable":true,"href":"http:\/\/cms.mtsomnii.de\/w7\/wp-json\/wp\/v2\/categories?post=7470"},{"taxonomy":"post_tag","embeddable":true,"href":"http:\/\/cms.mtsomnii.de\/w7\/wp-json\/wp\/v2\/tags?post=7470"}],"curies":[{"name":"wp","href":"https:\/\/api.w.org\/{rel}","templated":true}]}}