{"id":7851,"date":"2021-11-29T10:00:00","date_gmt":"2021-11-29T09:00:00","guid":{"rendered":"http:\/\/cms.mtsomnii.de\/w7\/merkur-de-gap\/eibseebus-kollidierte-mit-leitplanke-91145459-html-2-7851\/"},"modified":"2021-11-29T10:00:00","modified_gmt":"2021-11-29T09:00:00","slug":"eibseebus-kollidierte-mit-leitplanke-91145459-html-2","status":"publish","type":"post","link":"http:\/\/cms.mtsomnii.de\/w7\/merkur-de-gap\/eibseebus-kollidierte-mit-leitplanke-91145459-html-2-7851\/","title":{"rendered":"Eibseebus kollidierte mit Leitplanke: Fahrg\u00e4ste blieben unverletzt"},"content":{"rendered":"<div>Grainau &#8211; Am Samstag, den 27. November gegen 17:15 Uhr ereignete sich ein Verkehrsunfall im Bereich der Staatsstra\u00dfe 2061, die den Eibsee mit Grainau verbindet. Zum Unfallzeitpunkt befuhr der Eibseebus vom Eibsee kommend die Staatsstra\u00dfe in Richtung Grainau. Es herrschte starker Schneefall und infolge dessen bildete sich eine Eisschicht auf der Stra\u00dfe. Obwohl der Fahrer nur im ersten Gang in Schrittgeschwindigkeit den Berg hinab fuhr, brach ihm auf der spiegelglatten Fahrbahn das Heck aus, wodurch er mit der Leitplanke und einem dortigen Begrenzungspoller kollidierte. Der Bus war zum Geschehenszeitpunkt mit 13 Fahrg\u00e4sten besetzt, gl\u00fccklicherweise wurde bei dem Unfall niemand verletzt. Erst durch die eintreffende Feuerwehr konnte der Bus wieder flott gemacht werden. Am Bus selbst entstand Sachschaden in H\u00f6he von ca. 600 Euro. Der Eibseeberg musste f\u00fcr die Dauer von ca. 1 Stunde gesperrt werden.  kb<\/div>\n","protected":false},"excerpt":{"rendered":"<p>Grainau &#8211; Am Samstag, den 27. November gegen 17:15 Uhr ereignete sich ein Verkehrsunfall im Bereich der Staatsstra\u00dfe 2061, die den Eibsee mit Grainau verbindet. Zum Unfallzeitpunkt befuhr der Eibseebus vom Eibsee kommend die Staatsstra\u00dfe in Richtung Grainau. Es herrschte starker Schneefall und infolge dessen bildete sich eine Eisschicht auf der Stra\u00dfe. Obwohl der Fahrer nur im ersten Gang in<\/p>\n","protected":false},"author":5,"featured_media":0,"comment_status":"closed","ping_status":"open","sticky":false,"template":"","format":"standard","meta":[],"categories":[5],"tags":[],"_links":{"self":[{"href":"http:\/\/cms.mtsomnii.de\/w7\/wp-json\/wp\/v2\/posts\/7851"}],"collection":[{"href":"http:\/\/cms.mtsomnii.de\/w7\/wp-json\/wp\/v2\/posts"}],"about":[{"href":"http:\/\/cms.mtsomnii.de\/w7\/wp-json\/wp\/v2\/types\/post"}],"author":[{"embeddable":true,"href":"http:\/\/cms.mtsomnii.de\/w7\/wp-json\/wp\/v2\/users\/5"}],"replies":[{"embeddable":true,"href":"http:\/\/cms.mtsomnii.de\/w7\/wp-json\/wp\/v2\/comments?post=7851"}],"version-history":[{"count":0,"href":"http:\/\/cms.mtsomnii.de\/w7\/wp-json\/wp\/v2\/posts\/7851\/revisions"}],"wp:attachment":[{"href":"http:\/\/cms.mtsomnii.de\/w7\/wp-json\/wp\/v2\/media?parent=7851"}],"wp:term":[{"taxonomy":"category","embeddable":true,"href":"http:\/\/cms.mtsomnii.de\/w7\/wp-json\/wp\/v2\/categories?post=7851"},{"taxonomy":"post_tag","embeddable":true,"href":"http:\/\/cms.mtsomnii.de\/w7\/wp-json\/wp\/v2\/tags?post=7851"}],"curies":[{"name":"wp","href":"https:\/\/api.w.org\/{rel}","templated":true}]}}