{"id":7868,"date":"2021-11-30T10:00:00","date_gmt":"2021-11-30T09:00:00","guid":{"rendered":"http:\/\/cms.mtsomnii.de\/w7\/merkur-de-gap\/wintereinbruch-sorgt-fuer-mehrere-glaetteunfaelle-91147796-html-2-7868\/"},"modified":"2021-11-30T10:00:00","modified_gmt":"2021-11-30T09:00:00","slug":"wintereinbruch-sorgt-fuer-mehrere-glaetteunfaelle-91147796-html-2","status":"publish","type":"post","link":"http:\/\/cms.mtsomnii.de\/w7\/merkur-de-gap\/wintereinbruch-sorgt-fuer-mehrere-glaetteunfaelle-91147796-html-2-7868\/","title":{"rendered":"Wintereinbruch sorgt f\u00fcr mehrere Gl\u00e4tteunf\u00e4lle im Landkreis Garmisch-Partenkirchen"},"content":{"rendered":"<div>GAP &#8211; Die winterlichen Stra\u00dfenverh\u00e4ltnisse im Landkreis f\u00fchrten zu mehreren Unf\u00e4llen, insbesondere in den Zeiten des Berufsverkehrs. Der erste Unfall ereignet sich am 29. November, gegen 07.40 Uhr als zwei PKW in der Parkstra\u00dfe frontal zusammen stie\u00dfen. Die Airbags l\u00f6sten aus. Gl\u00fccklicherweise blieben schlimmere Verletzungen aus, lediglich eine leichte Prellung erlitt einer der Unfallbeteiligten. Bei dem Unfall entstand ein Sachschaden von ca. 25.000 Euro.<\/div>\n","protected":false},"excerpt":{"rendered":"<p>GAP &#8211; Die winterlichen Stra\u00dfenverh\u00e4ltnisse im Landkreis f\u00fchrten zu mehreren Unf\u00e4llen, insbesondere in den Zeiten des Berufsverkehrs. Der erste Unfall ereignet sich am 29. November, gegen 07.40 Uhr als zwei PKW in der Parkstra\u00dfe frontal zusammen stie\u00dfen. Die Airbags l\u00f6sten aus. Gl\u00fccklicherweise blieben schlimmere Verletzungen aus, lediglich eine leichte Prellung erlitt einer der Unfallbeteiligten. Bei dem Unfall entstand ein Sachschaden<\/p>\n","protected":false},"author":5,"featured_media":0,"comment_status":"closed","ping_status":"open","sticky":false,"template":"","format":"standard","meta":[],"categories":[5],"tags":[],"_links":{"self":[{"href":"http:\/\/cms.mtsomnii.de\/w7\/wp-json\/wp\/v2\/posts\/7868"}],"collection":[{"href":"http:\/\/cms.mtsomnii.de\/w7\/wp-json\/wp\/v2\/posts"}],"about":[{"href":"http:\/\/cms.mtsomnii.de\/w7\/wp-json\/wp\/v2\/types\/post"}],"author":[{"embeddable":true,"href":"http:\/\/cms.mtsomnii.de\/w7\/wp-json\/wp\/v2\/users\/5"}],"replies":[{"embeddable":true,"href":"http:\/\/cms.mtsomnii.de\/w7\/wp-json\/wp\/v2\/comments?post=7868"}],"version-history":[{"count":0,"href":"http:\/\/cms.mtsomnii.de\/w7\/wp-json\/wp\/v2\/posts\/7868\/revisions"}],"wp:attachment":[{"href":"http:\/\/cms.mtsomnii.de\/w7\/wp-json\/wp\/v2\/media?parent=7868"}],"wp:term":[{"taxonomy":"category","embeddable":true,"href":"http:\/\/cms.mtsomnii.de\/w7\/wp-json\/wp\/v2\/categories?post=7868"},{"taxonomy":"post_tag","embeddable":true,"href":"http:\/\/cms.mtsomnii.de\/w7\/wp-json\/wp\/v2\/tags?post=7868"}],"curies":[{"name":"wp","href":"https:\/\/api.w.org\/{rel}","templated":true}]}}