{"id":7879,"date":"2021-11-30T18:20:00","date_gmt":"2021-11-30T17:20:00","guid":{"rendered":"http:\/\/cms.mtsomnii.de\/w7\/merkur-de-gap\/unesco-eigentuemer-packen-rechtskeule-aus-91149674-html-7879\/"},"modified":"2021-11-30T18:20:00","modified_gmt":"2021-11-30T17:20:00","slug":"unesco-eigentuemer-packen-rechtskeule-aus-91149674-html","status":"publish","type":"post","link":"http:\/\/cms.mtsomnii.de\/w7\/merkur-de-gap\/unesco-eigentuemer-packen-rechtskeule-aus-91149674-html-7879\/","title":{"rendered":"Unesco-Bewerbung: Kritiker packen die Rechtskeule aus"},"content":{"rendered":"<div>Dieser Schritt war zu erwarten: Grundst\u00fcckseigent\u00fcmer und Rechteinhaber haben beim M\u00fcnchner Verwaltungsgericht Klage gegen die Unesco-Bewerbung des Landkreises eingereicht. Dies berichtet die \u201eInteressengemeinschaft Weltkulturerbe\u201c. Der Streit dreht sich um einen m\u00f6glichen Eingriff in Eigentumsrechte.<\/div>\n","protected":false},"excerpt":{"rendered":"<p>Dieser Schritt war zu erwarten: Grundst\u00fcckseigent\u00fcmer und Rechteinhaber haben beim M\u00fcnchner Verwaltungsgericht Klage gegen die Unesco-Bewerbung des Landkreises eingereicht. Dies berichtet die \u201eInteressengemeinschaft Weltkulturerbe\u201c. Der Streit dreht sich um einen m\u00f6glichen Eingriff in Eigentumsrechte.<\/p>\n","protected":false},"author":5,"featured_media":0,"comment_status":"closed","ping_status":"open","sticky":false,"template":"","format":"standard","meta":[],"categories":[5],"tags":[],"_links":{"self":[{"href":"http:\/\/cms.mtsomnii.de\/w7\/wp-json\/wp\/v2\/posts\/7879"}],"collection":[{"href":"http:\/\/cms.mtsomnii.de\/w7\/wp-json\/wp\/v2\/posts"}],"about":[{"href":"http:\/\/cms.mtsomnii.de\/w7\/wp-json\/wp\/v2\/types\/post"}],"author":[{"embeddable":true,"href":"http:\/\/cms.mtsomnii.de\/w7\/wp-json\/wp\/v2\/users\/5"}],"replies":[{"embeddable":true,"href":"http:\/\/cms.mtsomnii.de\/w7\/wp-json\/wp\/v2\/comments?post=7879"}],"version-history":[{"count":0,"href":"http:\/\/cms.mtsomnii.de\/w7\/wp-json\/wp\/v2\/posts\/7879\/revisions"}],"wp:attachment":[{"href":"http:\/\/cms.mtsomnii.de\/w7\/wp-json\/wp\/v2\/media?parent=7879"}],"wp:term":[{"taxonomy":"category","embeddable":true,"href":"http:\/\/cms.mtsomnii.de\/w7\/wp-json\/wp\/v2\/categories?post=7879"},{"taxonomy":"post_tag","embeddable":true,"href":"http:\/\/cms.mtsomnii.de\/w7\/wp-json\/wp\/v2\/tags?post=7879"}],"curies":[{"name":"wp","href":"https:\/\/api.w.org\/{rel}","templated":true}]}}