{"id":7883,"date":"2021-12-01T09:00:00","date_gmt":"2021-12-01T08:00:00","guid":{"rendered":"http:\/\/cms.mtsomnii.de\/w7\/kreisbote-gap\/werdenfelser-weihnacht-91139047-html-7883\/"},"modified":"2021-12-01T09:00:00","modified_gmt":"2021-12-01T08:00:00","slug":"werdenfelser-weihnacht-91139047-html","status":"publish","type":"post","link":"http:\/\/cms.mtsomnii.de\/w7\/kreisbote-gap\/werdenfelser-weihnacht-91139047-html-7883\/","title":{"rendered":"\u00bbWerdenfelser Weihnacht\u00ab"},"content":{"rendered":"<div>Landkreis  \u2013 Initiator Andreas M. Br\u00e4u und Mit-Regisseurin Chiara Naussauer-Boitos haben sich entschlossen, die \u201eWerdenfelser Weihnacht\u201c aus dem Jahr 2020 noch einmal online zu stellen und den Menschen auch 2021 zug\u00e4nglich zu machen. Die vom Markt Garmisch-Partenkirchen gef\u00f6rderte Onlineveranstaltung ist damit wieder zu sehen und zu genie\u00dfen.<\/div>\n","protected":false},"excerpt":{"rendered":"<p>Landkreis \u2013 Initiator Andreas M. Br\u00e4u und Mit-Regisseurin Chiara Naussauer-Boitos haben sich entschlossen, die \u201eWerdenfelser Weihnacht\u201c aus dem Jahr 2020 noch einmal online zu stellen und den Menschen auch 2021 zug\u00e4nglich zu machen. Die vom Markt Garmisch-Partenkirchen gef\u00f6rderte Onlineveranstaltung ist damit wieder zu sehen und zu genie\u00dfen.<\/p>\n","protected":false},"author":4,"featured_media":0,"comment_status":"closed","ping_status":"open","sticky":false,"template":"","format":"standard","meta":[],"categories":[2],"tags":[],"_links":{"self":[{"href":"http:\/\/cms.mtsomnii.de\/w7\/wp-json\/wp\/v2\/posts\/7883"}],"collection":[{"href":"http:\/\/cms.mtsomnii.de\/w7\/wp-json\/wp\/v2\/posts"}],"about":[{"href":"http:\/\/cms.mtsomnii.de\/w7\/wp-json\/wp\/v2\/types\/post"}],"author":[{"embeddable":true,"href":"http:\/\/cms.mtsomnii.de\/w7\/wp-json\/wp\/v2\/users\/4"}],"replies":[{"embeddable":true,"href":"http:\/\/cms.mtsomnii.de\/w7\/wp-json\/wp\/v2\/comments?post=7883"}],"version-history":[{"count":0,"href":"http:\/\/cms.mtsomnii.de\/w7\/wp-json\/wp\/v2\/posts\/7883\/revisions"}],"wp:attachment":[{"href":"http:\/\/cms.mtsomnii.de\/w7\/wp-json\/wp\/v2\/media?parent=7883"}],"wp:term":[{"taxonomy":"category","embeddable":true,"href":"http:\/\/cms.mtsomnii.de\/w7\/wp-json\/wp\/v2\/categories?post=7883"},{"taxonomy":"post_tag","embeddable":true,"href":"http:\/\/cms.mtsomnii.de\/w7\/wp-json\/wp\/v2\/tags?post=7883"}],"curies":[{"name":"wp","href":"https:\/\/api.w.org\/{rel}","templated":true}]}}