{"id":8277,"date":"2021-12-30T09:00:00","date_gmt":"2021-12-30T08:00:00","guid":{"rendered":"http:\/\/cms.mtsomnii.de\/w7\/kreisbote-gap\/mit-dem-regionalzug-auf-die-piste-in-gamisch-partenkirchen-91202226-html-8277\/"},"modified":"2021-12-30T09:00:00","modified_gmt":"2021-12-30T08:00:00","slug":"mit-dem-regionalzug-auf-die-piste-in-gamisch-partenkirchen-91202226-html","status":"publish","type":"post","link":"http:\/\/cms.mtsomnii.de\/w7\/kreisbote-gap\/mit-dem-regionalzug-auf-die-piste-in-gamisch-partenkirchen-91202226-html-8277\/","title":{"rendered":"Mit dem Regionalzug auf die Piste in Garmisch-Partenkirchen"},"content":{"rendered":"<div>Region \u2013 Gute Nachrichten f\u00fcr Wintersportbegeisterte: F\u00fcr beliebte Skiregionen in Bayern gibt es im bayerischen Regionalverkehr auch in der aktuellen Wintersaison wieder attraktive Kombitickets. Die Tickets kombinieren Hin- und R\u00fcckfahrt mit dem Regionalzug, einen Tagesskipass sowie teilweise den Bustransfer ins Skigebiet. Wer ein Kombiticket nutzt, entgeht nicht nur dem Stau auf der Stra\u00dfe, sondern ist zudem kosteng\u00fcnstig unterwegs. \u201eBayerische Skigebiete sind mit \u00f6ffentlichen Verkehrsmitteln gut erreichbar\u201c, sagt Bayerns Verkehrsministerin Kerstin Schreyer. \u201eDie Kombitickets machen die An- und Abreise mit dem Zug noch attraktiver. Wir wollen mit Angeboten wie diesen immer mehr Menschen davon \u00fcberzeugen, das Auto \u00f6fter stehen zu lassen und auf die \u00d6ffentlichen umzusteigen. Das ist nachhaltig und sch\u00fctzt Klima und Umwelt.\u201c<\/div>\n","protected":false},"excerpt":{"rendered":"<p>Region \u2013 Gute Nachrichten f\u00fcr Wintersportbegeisterte: F\u00fcr beliebte Skiregionen in Bayern gibt es im bayerischen Regionalverkehr auch in der aktuellen Wintersaison wieder attraktive Kombitickets. Die Tickets kombinieren Hin- und R\u00fcckfahrt mit dem Regionalzug, einen Tagesskipass sowie teilweise den Bustransfer ins Skigebiet. Wer ein Kombiticket nutzt, entgeht nicht nur dem Stau auf der Stra\u00dfe, sondern ist zudem kosteng\u00fcnstig unterwegs. \u201eBayerische Skigebiete<\/p>\n","protected":false},"author":4,"featured_media":0,"comment_status":"closed","ping_status":"open","sticky":false,"template":"","format":"standard","meta":[],"categories":[2],"tags":[],"_links":{"self":[{"href":"http:\/\/cms.mtsomnii.de\/w7\/wp-json\/wp\/v2\/posts\/8277"}],"collection":[{"href":"http:\/\/cms.mtsomnii.de\/w7\/wp-json\/wp\/v2\/posts"}],"about":[{"href":"http:\/\/cms.mtsomnii.de\/w7\/wp-json\/wp\/v2\/types\/post"}],"author":[{"embeddable":true,"href":"http:\/\/cms.mtsomnii.de\/w7\/wp-json\/wp\/v2\/users\/4"}],"replies":[{"embeddable":true,"href":"http:\/\/cms.mtsomnii.de\/w7\/wp-json\/wp\/v2\/comments?post=8277"}],"version-history":[{"count":0,"href":"http:\/\/cms.mtsomnii.de\/w7\/wp-json\/wp\/v2\/posts\/8277\/revisions"}],"wp:attachment":[{"href":"http:\/\/cms.mtsomnii.de\/w7\/wp-json\/wp\/v2\/media?parent=8277"}],"wp:term":[{"taxonomy":"category","embeddable":true,"href":"http:\/\/cms.mtsomnii.de\/w7\/wp-json\/wp\/v2\/categories?post=8277"},{"taxonomy":"post_tag","embeddable":true,"href":"http:\/\/cms.mtsomnii.de\/w7\/wp-json\/wp\/v2\/tags?post=8277"}],"curies":[{"name":"wp","href":"https:\/\/api.w.org\/{rel}","templated":true}]}}