{"id":8288,"date":"2021-12-31T10:00:00","date_gmt":"2021-12-31T09:00:00","guid":{"rendered":"http:\/\/cms.mtsomnii.de\/w7\/kreisbote-gap\/weniger-silvester-einsaetze-fuer-feuerwehren-erwartet-91202759-html-8288\/"},"modified":"2021-12-31T10:00:00","modified_gmt":"2021-12-31T09:00:00","slug":"weniger-silvester-einsaetze-fuer-feuerwehren-erwartet-91202759-html","status":"publish","type":"post","link":"http:\/\/cms.mtsomnii.de\/w7\/kreisbote-gap\/weniger-silvester-einsaetze-fuer-feuerwehren-erwartet-91202759-html-8288\/","title":{"rendered":"Weniger Silvester-Eins\u00e4tze f\u00fcr Feuerwehren erwartet"},"content":{"rendered":"<div>\u00adIn diesem Jahr gilt erneut ein generelles Verkaufsverbot f\u00fcr B\u00f6ller \u2013 mit dieser \u00c4nderung der Sprengstoffverordnung soll die Zahl der Unf\u00e4lle rund um Silvester reduziert werden, damit Rettungsdienst und Kapazit\u00e4ten in den Krankenh\u00e4usern entlastet werden. \u201eWir begr\u00fc\u00dfen das B\u00f6llerverbot aus fachlicher Sicht\u201c, erkl\u00e4rt Karl-Heinz Banse, Pr\u00e4sident des Deutschen Feuerwehrverbandes (DFV). Der letzte Jahreswechsel habe gezeigt, dass hierdurch die Feuerwehren und insbesondere die Notaufnahmen in der Silvesternacht entlastet werden. \u201eEs gibt deutlich weniger Kleinbr\u00e4nde und weniger Verletzungen durch B\u00f6ller \u2013 wie etwa Amputationen, Knalltraumata oder Verbrennungen. Hinzu kommt die wesentlich verringerte Rauchentwicklung. Ebenso berichten die Kr\u00e4fte vor Ort von deutlich reduzierten Angriffen auf Einsatzkr\u00e4fte\u201c, res\u00fcmiert der DFV-Pr\u00e4sident die Erfahrungen.<\/div>\n","protected":false},"excerpt":{"rendered":"<p>\u00adIn diesem Jahr gilt erneut ein generelles Verkaufsverbot f\u00fcr B\u00f6ller \u2013 mit dieser \u00c4nderung der Sprengstoffverordnung soll die Zahl der Unf\u00e4lle rund um Silvester reduziert werden, damit Rettungsdienst und Kapazit\u00e4ten in den Krankenh\u00e4usern entlastet werden. \u201eWir begr\u00fc\u00dfen das B\u00f6llerverbot aus fachlicher Sicht\u201c, erkl\u00e4rt Karl-Heinz Banse, Pr\u00e4sident des Deutschen Feuerwehrverbandes (DFV). Der letzte Jahreswechsel habe gezeigt, dass hierdurch die Feuerwehren und<\/p>\n","protected":false},"author":4,"featured_media":0,"comment_status":"closed","ping_status":"open","sticky":false,"template":"","format":"standard","meta":[],"categories":[2],"tags":[],"_links":{"self":[{"href":"http:\/\/cms.mtsomnii.de\/w7\/wp-json\/wp\/v2\/posts\/8288"}],"collection":[{"href":"http:\/\/cms.mtsomnii.de\/w7\/wp-json\/wp\/v2\/posts"}],"about":[{"href":"http:\/\/cms.mtsomnii.de\/w7\/wp-json\/wp\/v2\/types\/post"}],"author":[{"embeddable":true,"href":"http:\/\/cms.mtsomnii.de\/w7\/wp-json\/wp\/v2\/users\/4"}],"replies":[{"embeddable":true,"href":"http:\/\/cms.mtsomnii.de\/w7\/wp-json\/wp\/v2\/comments?post=8288"}],"version-history":[{"count":0,"href":"http:\/\/cms.mtsomnii.de\/w7\/wp-json\/wp\/v2\/posts\/8288\/revisions"}],"wp:attachment":[{"href":"http:\/\/cms.mtsomnii.de\/w7\/wp-json\/wp\/v2\/media?parent=8288"}],"wp:term":[{"taxonomy":"category","embeddable":true,"href":"http:\/\/cms.mtsomnii.de\/w7\/wp-json\/wp\/v2\/categories?post=8288"},{"taxonomy":"post_tag","embeddable":true,"href":"http:\/\/cms.mtsomnii.de\/w7\/wp-json\/wp\/v2\/tags?post=8288"}],"curies":[{"name":"wp","href":"https:\/\/api.w.org\/{rel}","templated":true}]}}