{"id":8293,"date":"2021-12-31T17:09:00","date_gmt":"2021-12-31T16:09:00","guid":{"rendered":"http:\/\/cms.mtsomnii.de\/w7\/merkur-de-gap\/garmisch-partenkirchen-ski-lifte-skifahrer-2g-corona-ansturm-news-zr-91208136-html-2-8293\/"},"modified":"2021-12-31T17:09:00","modified_gmt":"2021-12-31T16:09:00","slug":"garmisch-partenkirchen-ski-lifte-skifahrer-2g-corona-ansturm-news-zr-91208136-html-2","status":"publish","type":"post","link":"http:\/\/cms.mtsomnii.de\/w7\/merkur-de-gap\/garmisch-partenkirchen-ski-lifte-skifahrer-2g-corona-ansturm-news-zr-91208136-html-2-8293\/","title":{"rendered":"Ansturm auf Lifte in Garmisch &#8211; f\u00fcr einige Skifahrer kam das b\u00f6se Erwachen"},"content":{"rendered":"<div>Das Garmischer Skigebiet wurde regelrecht \u00fcberrannt. Doch nicht jeder durfte die Schneepisten hinunter wedeln. Da half auch keine Corona-Impfung.<\/div>\n","protected":false},"excerpt":{"rendered":"<p>Das Garmischer Skigebiet wurde regelrecht \u00fcberrannt. Doch nicht jeder durfte die Schneepisten hinunter wedeln. Da half auch keine Corona-Impfung.<\/p>\n","protected":false},"author":5,"featured_media":0,"comment_status":"closed","ping_status":"open","sticky":false,"template":"","format":"standard","meta":[],"categories":[5],"tags":[],"_links":{"self":[{"href":"http:\/\/cms.mtsomnii.de\/w7\/wp-json\/wp\/v2\/posts\/8293"}],"collection":[{"href":"http:\/\/cms.mtsomnii.de\/w7\/wp-json\/wp\/v2\/posts"}],"about":[{"href":"http:\/\/cms.mtsomnii.de\/w7\/wp-json\/wp\/v2\/types\/post"}],"author":[{"embeddable":true,"href":"http:\/\/cms.mtsomnii.de\/w7\/wp-json\/wp\/v2\/users\/5"}],"replies":[{"embeddable":true,"href":"http:\/\/cms.mtsomnii.de\/w7\/wp-json\/wp\/v2\/comments?post=8293"}],"version-history":[{"count":0,"href":"http:\/\/cms.mtsomnii.de\/w7\/wp-json\/wp\/v2\/posts\/8293\/revisions"}],"wp:attachment":[{"href":"http:\/\/cms.mtsomnii.de\/w7\/wp-json\/wp\/v2\/media?parent=8293"}],"wp:term":[{"taxonomy":"category","embeddable":true,"href":"http:\/\/cms.mtsomnii.de\/w7\/wp-json\/wp\/v2\/categories?post=8293"},{"taxonomy":"post_tag","embeddable":true,"href":"http:\/\/cms.mtsomnii.de\/w7\/wp-json\/wp\/v2\/tags?post=8293"}],"curies":[{"name":"wp","href":"https:\/\/api.w.org\/{rel}","templated":true}]}}