{"id":8669,"date":"2022-01-31T15:30:00","date_gmt":"2022-01-31T14:30:00","guid":{"rendered":"http:\/\/cms.mtsomnii.de\/w7\/kreisbote-gap\/corona-ticker-landkreis-garmisch-partenkirchen-91225996-html-27-8669\/"},"modified":"2022-01-31T15:30:00","modified_gmt":"2022-01-31T14:30:00","slug":"corona-ticker-landkreis-garmisch-partenkirchen-91225996-html-27","status":"publish","type":"post","link":"http:\/\/cms.mtsomnii.de\/w7\/kreisbote-gap\/corona-ticker-landkreis-garmisch-partenkirchen-91225996-html-27-8669\/","title":{"rendered":"Augenmerk wird derzeit auf vulnerable Gruppen gelegt"},"content":{"rendered":"<div>Das Gesundheitsamt des Landratsamtes Garmisch-Partenkirchen versucht das Bestm\u00f6gliche zu leisten, um allen Aufgaben bei der Bek\u00e4mpfung der COVID-19-Pandemie gerecht zu werden. Aufgrund der massiv steigenden Corona-Fallzahlmeldungen wird es f\u00fcr die Mitarbeiterinnen und Mitarbeitern jedoch immer schwieriger, alle F\u00e4lle vollst\u00e4ndig zu bearbeiten. Aus diesem Grund werden alle B\u00fcrgerinnen und B\u00fcrger gebeten, sich zun\u00e4chst selbst\u00e4ndig auf der Homepage des Landkreises unter www.lra-gap.de\/de\/coronavirus.html dar\u00fcber zu informieren, was bei einer COVID-19-Krankung zu beachten ist. Das Gesundheitsamt des Landratsamtes Garmisch-Partenkirchen konzentriert sich auf die Ermittlung der F\u00e4lle im Bereich von vulnerablen Gruppen.<br \/>Sollten Bescheinigungen f\u00fcr Arbeitgeber ben\u00f6tigt werden, besteht die M\u00f6glichkeit, sich mit Angabe des Namens, der Anschrift und Telefonnummer an folgende E-Mailadresse zu wenden: GA-Ueberwachung@lra-gap.de<\/div>\n","protected":false},"excerpt":{"rendered":"<p>Das Gesundheitsamt des Landratsamtes Garmisch-Partenkirchen versucht das Bestm\u00f6gliche zu leisten, um allen Aufgaben bei der Bek\u00e4mpfung der COVID-19-Pandemie gerecht zu werden. Aufgrund der massiv steigenden Corona-Fallzahlmeldungen wird es f\u00fcr die Mitarbeiterinnen und Mitarbeitern jedoch immer schwieriger, alle F\u00e4lle vollst\u00e4ndig zu bearbeiten. Aus diesem Grund werden alle B\u00fcrgerinnen und B\u00fcrger gebeten, sich zun\u00e4chst selbst\u00e4ndig auf der Homepage des Landkreises unter www.lra-gap.de\/de\/coronavirus.html<\/p>\n","protected":false},"author":4,"featured_media":0,"comment_status":"closed","ping_status":"open","sticky":false,"template":"","format":"standard","meta":[],"categories":[2],"tags":[],"_links":{"self":[{"href":"http:\/\/cms.mtsomnii.de\/w7\/wp-json\/wp\/v2\/posts\/8669"}],"collection":[{"href":"http:\/\/cms.mtsomnii.de\/w7\/wp-json\/wp\/v2\/posts"}],"about":[{"href":"http:\/\/cms.mtsomnii.de\/w7\/wp-json\/wp\/v2\/types\/post"}],"author":[{"embeddable":true,"href":"http:\/\/cms.mtsomnii.de\/w7\/wp-json\/wp\/v2\/users\/4"}],"replies":[{"embeddable":true,"href":"http:\/\/cms.mtsomnii.de\/w7\/wp-json\/wp\/v2\/comments?post=8669"}],"version-history":[{"count":0,"href":"http:\/\/cms.mtsomnii.de\/w7\/wp-json\/wp\/v2\/posts\/8669\/revisions"}],"wp:attachment":[{"href":"http:\/\/cms.mtsomnii.de\/w7\/wp-json\/wp\/v2\/media?parent=8669"}],"wp:term":[{"taxonomy":"category","embeddable":true,"href":"http:\/\/cms.mtsomnii.de\/w7\/wp-json\/wp\/v2\/categories?post=8669"},{"taxonomy":"post_tag","embeddable":true,"href":"http:\/\/cms.mtsomnii.de\/w7\/wp-json\/wp\/v2\/tags?post=8669"}],"curies":[{"name":"wp","href":"https:\/\/api.w.org\/{rel}","templated":true}]}}