{"id":8673,"date":"2022-02-01T07:00:00","date_gmt":"2022-02-01T06:00:00","guid":{"rendered":"http:\/\/cms.mtsomnii.de\/w7\/kreisbote-gap\/150-jahre-kurbetrieb-in-bad-kohlgrub-91265927-html-8673\/"},"modified":"2022-02-01T07:00:00","modified_gmt":"2022-02-01T06:00:00","slug":"150-jahre-kurbetrieb-in-bad-kohlgrub-91265927-html","status":"publish","type":"post","link":"http:\/\/cms.mtsomnii.de\/w7\/kreisbote-gap\/150-jahre-kurbetrieb-in-bad-kohlgrub-91265927-html-8673\/","title":{"rendered":"Wechselvolle Zeiten: 150 Jahre Kurbetrieb in Bad Kohlgrub"},"content":{"rendered":"<div>Bad Kohlgrub \u2013 Mitte des 20. Jahrhunderts galt Bad Kohlgrub als deutsches \u201eSt. Moritz\u201c. Das Bad in der \u201aSchwarzen Daune\u2018  &#8211; dem Bergkiefern-Hochmoor \u2013 lockte G\u00e4ste aus aller Herren L\u00e4nder an. Vom Aufstieg des Dorfes am Rande der Ammergauer Alpen zu einem international geachteten Kurort erz\u00e4hlen Martin Doll und Stefan K\u00f6nig in einer kenntnisreichen Chronik: 150 Jahre Kurbetrieb in Bad Kohlgrub.<\/div>\n","protected":false},"excerpt":{"rendered":"<p>Bad Kohlgrub \u2013 Mitte des 20. Jahrhunderts galt Bad Kohlgrub als deutsches \u201eSt. Moritz\u201c. Das Bad in der \u201aSchwarzen Daune\u2018 &#8211; dem Bergkiefern-Hochmoor \u2013 lockte G\u00e4ste aus aller Herren L\u00e4nder an. Vom Aufstieg des Dorfes am Rande der Ammergauer Alpen zu einem international geachteten Kurort erz\u00e4hlen Martin Doll und Stefan K\u00f6nig in einer kenntnisreichen Chronik: 150 Jahre Kurbetrieb in Bad<\/p>\n","protected":false},"author":4,"featured_media":0,"comment_status":"closed","ping_status":"open","sticky":false,"template":"","format":"standard","meta":[],"categories":[2],"tags":[],"_links":{"self":[{"href":"http:\/\/cms.mtsomnii.de\/w7\/wp-json\/wp\/v2\/posts\/8673"}],"collection":[{"href":"http:\/\/cms.mtsomnii.de\/w7\/wp-json\/wp\/v2\/posts"}],"about":[{"href":"http:\/\/cms.mtsomnii.de\/w7\/wp-json\/wp\/v2\/types\/post"}],"author":[{"embeddable":true,"href":"http:\/\/cms.mtsomnii.de\/w7\/wp-json\/wp\/v2\/users\/4"}],"replies":[{"embeddable":true,"href":"http:\/\/cms.mtsomnii.de\/w7\/wp-json\/wp\/v2\/comments?post=8673"}],"version-history":[{"count":0,"href":"http:\/\/cms.mtsomnii.de\/w7\/wp-json\/wp\/v2\/posts\/8673\/revisions"}],"wp:attachment":[{"href":"http:\/\/cms.mtsomnii.de\/w7\/wp-json\/wp\/v2\/media?parent=8673"}],"wp:term":[{"taxonomy":"category","embeddable":true,"href":"http:\/\/cms.mtsomnii.de\/w7\/wp-json\/wp\/v2\/categories?post=8673"},{"taxonomy":"post_tag","embeddable":true,"href":"http:\/\/cms.mtsomnii.de\/w7\/wp-json\/wp\/v2\/tags?post=8673"}],"curies":[{"name":"wp","href":"https:\/\/api.w.org\/{rel}","templated":true}]}}