{"id":8683,"date":"2022-02-01T14:06:00","date_gmt":"2022-02-01T13:06:00","guid":{"rendered":"http:\/\/cms.mtsomnii.de\/w7\/merkur-de-gap\/eroeffnung-nochmal-verschoben-91273054-html-8683\/"},"modified":"2022-02-01T14:06:00","modified_gmt":"2022-02-01T13:06:00","slug":"eroeffnung-nochmal-verschoben-91273054-html","status":"publish","type":"post","link":"http:\/\/cms.mtsomnii.de\/w7\/merkur-de-gap\/eroeffnung-nochmal-verschoben-91273054-html-8683\/","title":{"rendered":"Pflegezentrum Unterammergau: Er\u00f6ffnung nochmal verschoben"},"content":{"rendered":"<div>Die Er\u00f6ffnung des Pflegezentrums Unterammergau verz\u00f6gert sich weiter. Ein Kapitalanleger sorgt sich um sein Geld.<\/div>\n","protected":false},"excerpt":{"rendered":"<p>Die Er\u00f6ffnung des Pflegezentrums Unterammergau verz\u00f6gert sich weiter. Ein Kapitalanleger sorgt sich um sein Geld.<\/p>\n","protected":false},"author":5,"featured_media":0,"comment_status":"closed","ping_status":"open","sticky":false,"template":"","format":"standard","meta":[],"categories":[5],"tags":[],"_links":{"self":[{"href":"http:\/\/cms.mtsomnii.de\/w7\/wp-json\/wp\/v2\/posts\/8683"}],"collection":[{"href":"http:\/\/cms.mtsomnii.de\/w7\/wp-json\/wp\/v2\/posts"}],"about":[{"href":"http:\/\/cms.mtsomnii.de\/w7\/wp-json\/wp\/v2\/types\/post"}],"author":[{"embeddable":true,"href":"http:\/\/cms.mtsomnii.de\/w7\/wp-json\/wp\/v2\/users\/5"}],"replies":[{"embeddable":true,"href":"http:\/\/cms.mtsomnii.de\/w7\/wp-json\/wp\/v2\/comments?post=8683"}],"version-history":[{"count":0,"href":"http:\/\/cms.mtsomnii.de\/w7\/wp-json\/wp\/v2\/posts\/8683\/revisions"}],"wp:attachment":[{"href":"http:\/\/cms.mtsomnii.de\/w7\/wp-json\/wp\/v2\/media?parent=8683"}],"wp:term":[{"taxonomy":"category","embeddable":true,"href":"http:\/\/cms.mtsomnii.de\/w7\/wp-json\/wp\/v2\/categories?post=8683"},{"taxonomy":"post_tag","embeddable":true,"href":"http:\/\/cms.mtsomnii.de\/w7\/wp-json\/wp\/v2\/tags?post=8683"}],"curies":[{"name":"wp","href":"https:\/\/api.w.org\/{rel}","templated":true}]}}