{"id":9027,"date":"2022-02-28T11:30:00","date_gmt":"2022-02-28T10:30:00","guid":{"rendered":"http:\/\/cms.mtsomnii.de\/w7\/kreisbote-gap\/koerperliche-auseinandersetzungen-in-garmisch-partenkirchen-91377186-html-9027\/"},"modified":"2022-02-28T11:30:00","modified_gmt":"2022-02-28T10:30:00","slug":"koerperliche-auseinandersetzungen-in-garmisch-partenkirchen-91377186-html","status":"publish","type":"post","link":"http:\/\/cms.mtsomnii.de\/w7\/kreisbote-gap\/koerperliche-auseinandersetzungen-in-garmisch-partenkirchen-91377186-html-9027\/","title":{"rendered":"K\u00f6rperliche Auseinandersetzungen in Garmisch-Partenkirchen"},"content":{"rendered":"<div>GAP &#8211; Zu mehreren Streitigkeiten und k\u00f6rperlichen Auseinandersetzungen kam es am in der Nacht von Samstag auf Sonntag im Ortsbereich Garmisch-Partenkirchen, wobei die hiesige Polizeiinspektion mehrfach von Passanten \u00fcber Schl\u00e4gereien unter teilweise alkoholisierten Feier- und Partyg\u00e4sten informiert wurde. So gerieten etwa am sp\u00e4ten Samstagabend zwei Jugendliche aus dem Landkreis in einen derartigen Streit, dass einer der beiden Personen mehrere Schl\u00e4ge ins Gesicht, sowie auf den Hinterkopf erhielt, au\u00dfer Schmerzen im Kopfbereich blieb der junge Garmisch-Partenkirchener jedoch unverletzt \u2013 Hintergrund f\u00fcr den Streit war wohl Eifersucht in Bezug auf eine junge Dame.<\/div>\n","protected":false},"excerpt":{"rendered":"<p>GAP &#8211; Zu mehreren Streitigkeiten und k\u00f6rperlichen Auseinandersetzungen kam es am in der Nacht von Samstag auf Sonntag im Ortsbereich Garmisch-Partenkirchen, wobei die hiesige Polizeiinspektion mehrfach von Passanten \u00fcber Schl\u00e4gereien unter teilweise alkoholisierten Feier- und Partyg\u00e4sten informiert wurde. So gerieten etwa am sp\u00e4ten Samstagabend zwei Jugendliche aus dem Landkreis in einen derartigen Streit, dass einer der beiden Personen mehrere Schl\u00e4ge<\/p>\n","protected":false},"author":4,"featured_media":0,"comment_status":"closed","ping_status":"open","sticky":false,"template":"","format":"standard","meta":[],"categories":[2],"tags":[],"_links":{"self":[{"href":"http:\/\/cms.mtsomnii.de\/w7\/wp-json\/wp\/v2\/posts\/9027"}],"collection":[{"href":"http:\/\/cms.mtsomnii.de\/w7\/wp-json\/wp\/v2\/posts"}],"about":[{"href":"http:\/\/cms.mtsomnii.de\/w7\/wp-json\/wp\/v2\/types\/post"}],"author":[{"embeddable":true,"href":"http:\/\/cms.mtsomnii.de\/w7\/wp-json\/wp\/v2\/users\/4"}],"replies":[{"embeddable":true,"href":"http:\/\/cms.mtsomnii.de\/w7\/wp-json\/wp\/v2\/comments?post=9027"}],"version-history":[{"count":0,"href":"http:\/\/cms.mtsomnii.de\/w7\/wp-json\/wp\/v2\/posts\/9027\/revisions"}],"wp:attachment":[{"href":"http:\/\/cms.mtsomnii.de\/w7\/wp-json\/wp\/v2\/media?parent=9027"}],"wp:term":[{"taxonomy":"category","embeddable":true,"href":"http:\/\/cms.mtsomnii.de\/w7\/wp-json\/wp\/v2\/categories?post=9027"},{"taxonomy":"post_tag","embeddable":true,"href":"http:\/\/cms.mtsomnii.de\/w7\/wp-json\/wp\/v2\/tags?post=9027"}],"curies":[{"name":"wp","href":"https:\/\/api.w.org\/{rel}","templated":true}]}}