{"id":9038,"date":"2022-03-01T08:18:52","date_gmt":"2022-03-01T07:18:52","guid":{"rendered":"http:\/\/cms.mtsomnii.de\/w7\/merkur-de-gap\/emotionale-debatte-ueber-rabenkopflift-91379695-html-9038\/"},"modified":"2022-03-01T08:18:52","modified_gmt":"2022-03-01T07:18:52","slug":"emotionale-debatte-ueber-rabenkopflift-91379695-html","status":"publish","type":"post","link":"http:\/\/cms.mtsomnii.de\/w7\/merkur-de-gap\/emotionale-debatte-ueber-rabenkopflift-91379695-html-9038\/","title":{"rendered":"\u201eHoch emotionales Thema\u201c: Oberauer Gemeinder\u00e4te debattieren \u00fcber Zukunft des Rabenkopfliftes"},"content":{"rendered":"<div>Eigentlich sollte es gar nicht um die Zukunft des Skibetriebs in Oberau gehen. Doch die Gemeinder\u00e4te landeten in einer emotionalen Debatte dar\u00fcber. Vieles h\u00e4ngt von der Beschneiungstechnik ab.<\/div>\n","protected":false},"excerpt":{"rendered":"<p>Eigentlich sollte es gar nicht um die Zukunft des Skibetriebs in Oberau gehen. Doch die Gemeinder\u00e4te landeten in einer emotionalen Debatte dar\u00fcber. Vieles h\u00e4ngt von der Beschneiungstechnik ab.<\/p>\n","protected":false},"author":5,"featured_media":0,"comment_status":"closed","ping_status":"open","sticky":false,"template":"","format":"standard","meta":[],"categories":[5],"tags":[],"_links":{"self":[{"href":"http:\/\/cms.mtsomnii.de\/w7\/wp-json\/wp\/v2\/posts\/9038"}],"collection":[{"href":"http:\/\/cms.mtsomnii.de\/w7\/wp-json\/wp\/v2\/posts"}],"about":[{"href":"http:\/\/cms.mtsomnii.de\/w7\/wp-json\/wp\/v2\/types\/post"}],"author":[{"embeddable":true,"href":"http:\/\/cms.mtsomnii.de\/w7\/wp-json\/wp\/v2\/users\/5"}],"replies":[{"embeddable":true,"href":"http:\/\/cms.mtsomnii.de\/w7\/wp-json\/wp\/v2\/comments?post=9038"}],"version-history":[{"count":0,"href":"http:\/\/cms.mtsomnii.de\/w7\/wp-json\/wp\/v2\/posts\/9038\/revisions"}],"wp:attachment":[{"href":"http:\/\/cms.mtsomnii.de\/w7\/wp-json\/wp\/v2\/media?parent=9038"}],"wp:term":[{"taxonomy":"category","embeddable":true,"href":"http:\/\/cms.mtsomnii.de\/w7\/wp-json\/wp\/v2\/categories?post=9038"},{"taxonomy":"post_tag","embeddable":true,"href":"http:\/\/cms.mtsomnii.de\/w7\/wp-json\/wp\/v2\/tags?post=9038"}],"curies":[{"name":"wp","href":"https:\/\/api.w.org\/{rel}","templated":true}]}}