{"id":9052,"date":"2022-03-02T11:00:00","date_gmt":"2022-03-02T10:00:00","guid":{"rendered":"http:\/\/cms.mtsomnii.de\/w7\/merkur-de-gap\/saisonauftakt-im-freilichtmuseum-glentleiten-in-grossweil-91377342-html-2-9052\/"},"modified":"2022-03-02T11:00:00","modified_gmt":"2022-03-02T10:00:00","slug":"saisonauftakt-im-freilichtmuseum-glentleiten-in-grossweil-91377342-html-2","status":"publish","type":"post","link":"http:\/\/cms.mtsomnii.de\/w7\/merkur-de-gap\/saisonauftakt-im-freilichtmuseum-glentleiten-in-grossweil-91377342-html-2-9052\/","title":{"rendered":"Saisonauftakt im Freilichtmuseum Glentleiten"},"content":{"rendered":"<div>Gro\u00dfweil \u2013 Der Countdown l\u00e4uft: Nur noch etwa zwei Wochen bis zum Saisonstart an der Glentleiten. W\u00e4hrend das Museumsgel\u00e4nde still daliegt, wird im Bauhof und in den B\u00fcros des Freilichtmuseums Glentleiten mit Hochdruck gearbeitet. Damit an Josefi (19. M\u00e4rz), dem traditionellen ersten \u00d6ffnungstag der Saison, auch dieses Jahr wieder ein s\u00fcffig-vollmundiges Bockbier ausgeschenkt werden kann, waren vor einiger Zeit Bezirkstagspr\u00e4sident Josef Mederer und Braumeister Franz Schubert, der P\u00e4chter der Glentleitner Wirtschaft &amp; Brauerei, in der Schaubrauerei des Museums an den Braukesseln zugange.<\/div>\n","protected":false},"excerpt":{"rendered":"<p>Gro\u00dfweil \u2013 Der Countdown l\u00e4uft: Nur noch etwa zwei Wochen bis zum Saisonstart an der Glentleiten. W\u00e4hrend das Museumsgel\u00e4nde still daliegt, wird im Bauhof und in den B\u00fcros des Freilichtmuseums Glentleiten mit Hochdruck gearbeitet. Damit an Josefi (19. M\u00e4rz), dem traditionellen ersten \u00d6ffnungstag der Saison, auch dieses Jahr wieder ein s\u00fcffig-vollmundiges Bockbier ausgeschenkt werden kann, waren vor einiger Zeit Bezirkstagspr\u00e4sident<\/p>\n","protected":false},"author":5,"featured_media":0,"comment_status":"closed","ping_status":"open","sticky":false,"template":"","format":"standard","meta":[],"categories":[5],"tags":[],"_links":{"self":[{"href":"http:\/\/cms.mtsomnii.de\/w7\/wp-json\/wp\/v2\/posts\/9052"}],"collection":[{"href":"http:\/\/cms.mtsomnii.de\/w7\/wp-json\/wp\/v2\/posts"}],"about":[{"href":"http:\/\/cms.mtsomnii.de\/w7\/wp-json\/wp\/v2\/types\/post"}],"author":[{"embeddable":true,"href":"http:\/\/cms.mtsomnii.de\/w7\/wp-json\/wp\/v2\/users\/5"}],"replies":[{"embeddable":true,"href":"http:\/\/cms.mtsomnii.de\/w7\/wp-json\/wp\/v2\/comments?post=9052"}],"version-history":[{"count":0,"href":"http:\/\/cms.mtsomnii.de\/w7\/wp-json\/wp\/v2\/posts\/9052\/revisions"}],"wp:attachment":[{"href":"http:\/\/cms.mtsomnii.de\/w7\/wp-json\/wp\/v2\/media?parent=9052"}],"wp:term":[{"taxonomy":"category","embeddable":true,"href":"http:\/\/cms.mtsomnii.de\/w7\/wp-json\/wp\/v2\/categories?post=9052"},{"taxonomy":"post_tag","embeddable":true,"href":"http:\/\/cms.mtsomnii.de\/w7\/wp-json\/wp\/v2\/tags?post=9052"}],"curies":[{"name":"wp","href":"https:\/\/api.w.org\/{rel}","templated":true}]}}