{"id":9056,"date":"2022-03-02T15:40:20","date_gmt":"2022-03-02T14:40:20","guid":{"rendered":"http:\/\/cms.mtsomnii.de\/w7\/merkur-de-gap\/die-macht-der-worte-91383544-html-9056\/"},"modified":"2022-03-02T15:40:20","modified_gmt":"2022-03-02T14:40:20","slug":"die-macht-der-worte-91383544-html","status":"publish","type":"post","link":"http:\/\/cms.mtsomnii.de\/w7\/merkur-de-gap\/die-macht-der-worte-91383544-html-9056\/","title":{"rendered":"Vers\u00f6hnungsgottesdienst: Nach Glocken-Streit bei Corona-Demo r\u00fcckt Gemeinschaft ins Zentrum"},"content":{"rendered":"<div>250 Besucher kamen am Montagabend zum Vers\u00f6hnungsgottesdienst vor und in die Pfarrkirche St. Martin Garmisch. Nach dem Glockengel\u00e4ut w\u00e4hrend der Montagsspazierg\u00e4nge, das zum Teil massive Kritik ausgel\u00f6st hatte, r\u00fcckte nun die Gemeinschaft ins Zentrum.<\/div>\n","protected":false},"excerpt":{"rendered":"<p>250 Besucher kamen am Montagabend zum Vers\u00f6hnungsgottesdienst vor und in die Pfarrkirche St. Martin Garmisch. Nach dem Glockengel\u00e4ut w\u00e4hrend der Montagsspazierg\u00e4nge, das zum Teil massive Kritik ausgel\u00f6st hatte, r\u00fcckte nun die Gemeinschaft ins Zentrum.<\/p>\n","protected":false},"author":5,"featured_media":0,"comment_status":"closed","ping_status":"open","sticky":false,"template":"","format":"standard","meta":[],"categories":[5],"tags":[],"_links":{"self":[{"href":"http:\/\/cms.mtsomnii.de\/w7\/wp-json\/wp\/v2\/posts\/9056"}],"collection":[{"href":"http:\/\/cms.mtsomnii.de\/w7\/wp-json\/wp\/v2\/posts"}],"about":[{"href":"http:\/\/cms.mtsomnii.de\/w7\/wp-json\/wp\/v2\/types\/post"}],"author":[{"embeddable":true,"href":"http:\/\/cms.mtsomnii.de\/w7\/wp-json\/wp\/v2\/users\/5"}],"replies":[{"embeddable":true,"href":"http:\/\/cms.mtsomnii.de\/w7\/wp-json\/wp\/v2\/comments?post=9056"}],"version-history":[{"count":0,"href":"http:\/\/cms.mtsomnii.de\/w7\/wp-json\/wp\/v2\/posts\/9056\/revisions"}],"wp:attachment":[{"href":"http:\/\/cms.mtsomnii.de\/w7\/wp-json\/wp\/v2\/media?parent=9056"}],"wp:term":[{"taxonomy":"category","embeddable":true,"href":"http:\/\/cms.mtsomnii.de\/w7\/wp-json\/wp\/v2\/categories?post=9056"},{"taxonomy":"post_tag","embeddable":true,"href":"http:\/\/cms.mtsomnii.de\/w7\/wp-json\/wp\/v2\/tags?post=9056"}],"curies":[{"name":"wp","href":"https:\/\/api.w.org\/{rel}","templated":true}]}}