{"id":9059,"date":"2022-03-03T09:00:00","date_gmt":"2022-03-03T08:00:00","guid":{"rendered":"http:\/\/cms.mtsomnii.de\/w7\/kreisbote-gap\/ostermarkt-im-aura-hotel-saulgrub-91377142-html-9059\/"},"modified":"2022-03-03T09:00:00","modified_gmt":"2022-03-03T08:00:00","slug":"ostermarkt-im-aura-hotel-saulgrub-91377142-html","status":"publish","type":"post","link":"http:\/\/cms.mtsomnii.de\/w7\/kreisbote-gap\/ostermarkt-im-aura-hotel-saulgrub-91377142-html-9059\/","title":{"rendered":"Ostermarkt im AURA-Hotel Saulgrub\u00a0"},"content":{"rendered":"<div>Ammertal &#8211; Zum dritten Mal \u00f6ffnet das barrierefreie Hotel im Ammertal seine Pforten f\u00fcr Freunde des kreativen und ausgefallenen Kunsthandwerks. Nachdem den Veranstaltern in den letzten beiden Jahren das Corona-Virus einen Strich durch die Rechnung gemacht hat, soll nun am ersten M\u00e4rz-Wochenende alles klappen. Die Anzahl der Anbieter wurde dieses Jahr nach den aktuellen Hygiene- und Sicherheitsvorgaben zwar ein wenig reduziert, das hei\u00dft jedoch nicht, dass das Angebot weniger besonders und au\u00dfergew\u00f6hnlich ist.<\/div>\n","protected":false},"excerpt":{"rendered":"<p>Ammertal &#8211; Zum dritten Mal \u00f6ffnet das barrierefreie Hotel im Ammertal seine Pforten f\u00fcr Freunde des kreativen und ausgefallenen Kunsthandwerks. Nachdem den Veranstaltern in den letzten beiden Jahren das Corona-Virus einen Strich durch die Rechnung gemacht hat, soll nun am ersten M\u00e4rz-Wochenende alles klappen. Die Anzahl der Anbieter wurde dieses Jahr nach den aktuellen Hygiene- und Sicherheitsvorgaben zwar ein wenig<\/p>\n","protected":false},"author":4,"featured_media":0,"comment_status":"closed","ping_status":"open","sticky":false,"template":"","format":"standard","meta":[],"categories":[2],"tags":[],"_links":{"self":[{"href":"http:\/\/cms.mtsomnii.de\/w7\/wp-json\/wp\/v2\/posts\/9059"}],"collection":[{"href":"http:\/\/cms.mtsomnii.de\/w7\/wp-json\/wp\/v2\/posts"}],"about":[{"href":"http:\/\/cms.mtsomnii.de\/w7\/wp-json\/wp\/v2\/types\/post"}],"author":[{"embeddable":true,"href":"http:\/\/cms.mtsomnii.de\/w7\/wp-json\/wp\/v2\/users\/4"}],"replies":[{"embeddable":true,"href":"http:\/\/cms.mtsomnii.de\/w7\/wp-json\/wp\/v2\/comments?post=9059"}],"version-history":[{"count":0,"href":"http:\/\/cms.mtsomnii.de\/w7\/wp-json\/wp\/v2\/posts\/9059\/revisions"}],"wp:attachment":[{"href":"http:\/\/cms.mtsomnii.de\/w7\/wp-json\/wp\/v2\/media?parent=9059"}],"wp:term":[{"taxonomy":"category","embeddable":true,"href":"http:\/\/cms.mtsomnii.de\/w7\/wp-json\/wp\/v2\/categories?post=9059"},{"taxonomy":"post_tag","embeddable":true,"href":"http:\/\/cms.mtsomnii.de\/w7\/wp-json\/wp\/v2\/tags?post=9059"}],"curies":[{"name":"wp","href":"https:\/\/api.w.org\/{rel}","templated":true}]}}