{"id":9070,"date":"2022-03-03T16:38:08","date_gmt":"2022-03-03T15:38:08","guid":{"rendered":"http:\/\/cms.mtsomnii.de\/w7\/merkur-de-gap\/zugspitze-gipfel-gipfelkreuz-diebstahl-kuenstler-gipfelspitze-polizei-garmisch-partenkirchen-zr-91386308-html-9070\/"},"modified":"2022-03-03T16:38:08","modified_gmt":"2022-03-03T15:38:08","slug":"zugspitze-gipfel-gipfelkreuz-diebstahl-kuenstler-gipfelspitze-polizei-garmisch-partenkirchen-zr-91386308-html","status":"publish","type":"post","link":"http:\/\/cms.mtsomnii.de\/w7\/merkur-de-gap\/zugspitze-gipfel-gipfelkreuz-diebstahl-kuenstler-gipfelspitze-polizei-garmisch-partenkirchen-zr-91386308-html-9070\/","title":{"rendered":"K\u00fcnstler klauen angeblich Zugspitz-Gipfel &#8211; und liefern erstaunliche Begr\u00fcndung"},"content":{"rendered":"<div>Eine K\u00fcnstlergruppe hat im Auftrag eines Museums ein St\u00fcck Zugspitz-Gipfel entf\u00fchrt, behauptet sie jedenfalls. F\u00fcr ihre Tat haben sie eine erstaunliche Begr\u00fcndung.<\/div>\n","protected":false},"excerpt":{"rendered":"<p>Eine K\u00fcnstlergruppe hat im Auftrag eines Museums ein St\u00fcck Zugspitz-Gipfel entf\u00fchrt, behauptet sie jedenfalls. F\u00fcr ihre Tat haben sie eine erstaunliche Begr\u00fcndung.<\/p>\n","protected":false},"author":5,"featured_media":0,"comment_status":"closed","ping_status":"open","sticky":false,"template":"","format":"standard","meta":[],"categories":[5],"tags":[],"_links":{"self":[{"href":"http:\/\/cms.mtsomnii.de\/w7\/wp-json\/wp\/v2\/posts\/9070"}],"collection":[{"href":"http:\/\/cms.mtsomnii.de\/w7\/wp-json\/wp\/v2\/posts"}],"about":[{"href":"http:\/\/cms.mtsomnii.de\/w7\/wp-json\/wp\/v2\/types\/post"}],"author":[{"embeddable":true,"href":"http:\/\/cms.mtsomnii.de\/w7\/wp-json\/wp\/v2\/users\/5"}],"replies":[{"embeddable":true,"href":"http:\/\/cms.mtsomnii.de\/w7\/wp-json\/wp\/v2\/comments?post=9070"}],"version-history":[{"count":0,"href":"http:\/\/cms.mtsomnii.de\/w7\/wp-json\/wp\/v2\/posts\/9070\/revisions"}],"wp:attachment":[{"href":"http:\/\/cms.mtsomnii.de\/w7\/wp-json\/wp\/v2\/media?parent=9070"}],"wp:term":[{"taxonomy":"category","embeddable":true,"href":"http:\/\/cms.mtsomnii.de\/w7\/wp-json\/wp\/v2\/categories?post=9070"},{"taxonomy":"post_tag","embeddable":true,"href":"http:\/\/cms.mtsomnii.de\/w7\/wp-json\/wp\/v2\/tags?post=9070"}],"curies":[{"name":"wp","href":"https:\/\/api.w.org\/{rel}","templated":true}]}}