{"id":9082,"date":"2022-03-04T09:00:00","date_gmt":"2022-03-04T08:00:00","guid":{"rendered":"http:\/\/cms.mtsomnii.de\/w7\/merkur-de-gap\/veranstaltungen-zum-heutigen-weltgebetstag-im-landkreis-garmisch-partenkirchen-91377514-html-2-9082\/"},"modified":"2022-03-04T09:00:00","modified_gmt":"2022-03-04T08:00:00","slug":"veranstaltungen-zum-heutigen-weltgebetstag-im-landkreis-garmisch-partenkirchen-91377514-html-2","status":"publish","type":"post","link":"http:\/\/cms.mtsomnii.de\/w7\/merkur-de-gap\/veranstaltungen-zum-heutigen-weltgebetstag-im-landkreis-garmisch-partenkirchen-91377514-html-2-9082\/","title":{"rendered":"Veranstaltungen zum heutigen Weltgebetstag im Landkreis Garmisch-Partenkirchen"},"content":{"rendered":"<div>GAP \/ Landkreis \u2013 Ein Gebet wandert seit 96 Jahren allj\u00e4hrlich am ersten Freitag des Monats M\u00e4rz \u00fcber 24 Stunden um den Erdball. Es verbindet Frauen, M\u00e4nner, Jugendliche und Kinder verschiedener Konfessionen in \u00fcber 150 L\u00e4ndern miteinander. Am 4. M\u00e4rz 2022 ist es wieder soweit.<\/div>\n","protected":false},"excerpt":{"rendered":"<p>GAP \/ Landkreis \u2013 Ein Gebet wandert seit 96 Jahren allj\u00e4hrlich am ersten Freitag des Monats M\u00e4rz \u00fcber 24 Stunden um den Erdball. Es verbindet Frauen, M\u00e4nner, Jugendliche und Kinder verschiedener Konfessionen in \u00fcber 150 L\u00e4ndern miteinander. Am 4. M\u00e4rz 2022 ist es wieder soweit.<\/p>\n","protected":false},"author":5,"featured_media":0,"comment_status":"closed","ping_status":"open","sticky":false,"template":"","format":"standard","meta":[],"categories":[5],"tags":[],"_links":{"self":[{"href":"http:\/\/cms.mtsomnii.de\/w7\/wp-json\/wp\/v2\/posts\/9082"}],"collection":[{"href":"http:\/\/cms.mtsomnii.de\/w7\/wp-json\/wp\/v2\/posts"}],"about":[{"href":"http:\/\/cms.mtsomnii.de\/w7\/wp-json\/wp\/v2\/types\/post"}],"author":[{"embeddable":true,"href":"http:\/\/cms.mtsomnii.de\/w7\/wp-json\/wp\/v2\/users\/5"}],"replies":[{"embeddable":true,"href":"http:\/\/cms.mtsomnii.de\/w7\/wp-json\/wp\/v2\/comments?post=9082"}],"version-history":[{"count":0,"href":"http:\/\/cms.mtsomnii.de\/w7\/wp-json\/wp\/v2\/posts\/9082\/revisions"}],"wp:attachment":[{"href":"http:\/\/cms.mtsomnii.de\/w7\/wp-json\/wp\/v2\/media?parent=9082"}],"wp:term":[{"taxonomy":"category","embeddable":true,"href":"http:\/\/cms.mtsomnii.de\/w7\/wp-json\/wp\/v2\/categories?post=9082"},{"taxonomy":"post_tag","embeddable":true,"href":"http:\/\/cms.mtsomnii.de\/w7\/wp-json\/wp\/v2\/tags?post=9082"}],"curies":[{"name":"wp","href":"https:\/\/api.w.org\/{rel}","templated":true}]}}