{"id":9111,"date":"2022-03-06T09:49:45","date_gmt":"2022-03-06T08:49:45","guid":{"rendered":"http:\/\/cms.mtsomnii.de\/w7\/merkur-de-gap\/garmisch-partenkirchen-saeugling-baby-tot-polizei-einsatz-klinik-vater-verdaechtiger-zr-91388630-html-9111\/"},"modified":"2022-03-06T09:49:45","modified_gmt":"2022-03-06T08:49:45","slug":"garmisch-partenkirchen-saeugling-baby-tot-polizei-einsatz-klinik-vater-verdaechtiger-zr-91388630-html","status":"publish","type":"post","link":"http:\/\/cms.mtsomnii.de\/w7\/merkur-de-gap\/garmisch-partenkirchen-saeugling-baby-tot-polizei-einsatz-klinik-vater-verdaechtiger-zr-91388630-html-9111\/","title":{"rendered":"\u201eSo etwas l\u00e4sst niemanden kalt\u201c: S\u00e4ugling stirbt in Klinik &#8211; Obduktion bringt nun Klarheit"},"content":{"rendered":"<div>Ein etwas \u00fcber einen Monat alter S\u00e4ugling starb im Klinikum Garmisch-Partenkirchen an seinen schweren Verletzungen. Der Vater ist dringend tatverd\u00e4chtig &#8211; und sitzt nun in Untersuchungshaft.<\/div>\n","protected":false},"excerpt":{"rendered":"<p>Ein etwas \u00fcber einen Monat alter S\u00e4ugling starb im Klinikum Garmisch-Partenkirchen an seinen schweren Verletzungen. Der Vater ist dringend tatverd\u00e4chtig &#8211; und sitzt nun in Untersuchungshaft.<\/p>\n","protected":false},"author":5,"featured_media":0,"comment_status":"closed","ping_status":"open","sticky":false,"template":"","format":"standard","meta":[],"categories":[5],"tags":[],"_links":{"self":[{"href":"http:\/\/cms.mtsomnii.de\/w7\/wp-json\/wp\/v2\/posts\/9111"}],"collection":[{"href":"http:\/\/cms.mtsomnii.de\/w7\/wp-json\/wp\/v2\/posts"}],"about":[{"href":"http:\/\/cms.mtsomnii.de\/w7\/wp-json\/wp\/v2\/types\/post"}],"author":[{"embeddable":true,"href":"http:\/\/cms.mtsomnii.de\/w7\/wp-json\/wp\/v2\/users\/5"}],"replies":[{"embeddable":true,"href":"http:\/\/cms.mtsomnii.de\/w7\/wp-json\/wp\/v2\/comments?post=9111"}],"version-history":[{"count":0,"href":"http:\/\/cms.mtsomnii.de\/w7\/wp-json\/wp\/v2\/posts\/9111\/revisions"}],"wp:attachment":[{"href":"http:\/\/cms.mtsomnii.de\/w7\/wp-json\/wp\/v2\/media?parent=9111"}],"wp:term":[{"taxonomy":"category","embeddable":true,"href":"http:\/\/cms.mtsomnii.de\/w7\/wp-json\/wp\/v2\/categories?post=9111"},{"taxonomy":"post_tag","embeddable":true,"href":"http:\/\/cms.mtsomnii.de\/w7\/wp-json\/wp\/v2\/tags?post=9111"}],"curies":[{"name":"wp","href":"https:\/\/api.w.org\/{rel}","templated":true}]}}