{"id":9121,"date":"2022-03-07T05:18:55","date_gmt":"2022-03-07T04:18:55","guid":{"rendered":"http:\/\/cms.mtsomnii.de\/w7\/merkur-de-gap\/garmisch-partenkirchen-saeugling-baby-tod-polizei-einsatz-klinik-vater-verdaechtiger-zr-91388630-html-9121\/"},"modified":"2022-03-07T05:18:55","modified_gmt":"2022-03-07T04:18:55","slug":"garmisch-partenkirchen-saeugling-baby-tod-polizei-einsatz-klinik-vater-verdaechtiger-zr-91388630-html","status":"publish","type":"post","link":"http:\/\/cms.mtsomnii.de\/w7\/merkur-de-gap\/garmisch-partenkirchen-saeugling-baby-tod-polizei-einsatz-klinik-vater-verdaechtiger-zr-91388630-html-9121\/","title":{"rendered":"\u201eSo etwas l\u00e4sst niemanden kalt\u201c: S\u00e4ugling stirbt in Klinik &#8211; Obduktion bringt Klarheit"},"content":{"rendered":"<div>Ein etwas \u00fcber einen Monat alter S\u00e4ugling starb im Klinikum Garmisch-Partenkirchen an seinen schweren Verletzungen. Der Vater ist dringend tatverd\u00e4chtig &#8211; und sitzt nun in Untersuchungshaft.<\/div>\n","protected":false},"excerpt":{"rendered":"<p>Ein etwas \u00fcber einen Monat alter S\u00e4ugling starb im Klinikum Garmisch-Partenkirchen an seinen schweren Verletzungen. Der Vater ist dringend tatverd\u00e4chtig &#8211; und sitzt nun in Untersuchungshaft.<\/p>\n","protected":false},"author":5,"featured_media":0,"comment_status":"closed","ping_status":"open","sticky":false,"template":"","format":"standard","meta":[],"categories":[5],"tags":[],"_links":{"self":[{"href":"http:\/\/cms.mtsomnii.de\/w7\/wp-json\/wp\/v2\/posts\/9121"}],"collection":[{"href":"http:\/\/cms.mtsomnii.de\/w7\/wp-json\/wp\/v2\/posts"}],"about":[{"href":"http:\/\/cms.mtsomnii.de\/w7\/wp-json\/wp\/v2\/types\/post"}],"author":[{"embeddable":true,"href":"http:\/\/cms.mtsomnii.de\/w7\/wp-json\/wp\/v2\/users\/5"}],"replies":[{"embeddable":true,"href":"http:\/\/cms.mtsomnii.de\/w7\/wp-json\/wp\/v2\/comments?post=9121"}],"version-history":[{"count":0,"href":"http:\/\/cms.mtsomnii.de\/w7\/wp-json\/wp\/v2\/posts\/9121\/revisions"}],"wp:attachment":[{"href":"http:\/\/cms.mtsomnii.de\/w7\/wp-json\/wp\/v2\/media?parent=9121"}],"wp:term":[{"taxonomy":"category","embeddable":true,"href":"http:\/\/cms.mtsomnii.de\/w7\/wp-json\/wp\/v2\/categories?post=9121"},{"taxonomy":"post_tag","embeddable":true,"href":"http:\/\/cms.mtsomnii.de\/w7\/wp-json\/wp\/v2\/tags?post=9121"}],"curies":[{"name":"wp","href":"https:\/\/api.w.org\/{rel}","templated":true}]}}