{"id":9122,"date":"2022-03-07T08:00:00","date_gmt":"2022-03-07T07:00:00","guid":{"rendered":"http:\/\/cms.mtsomnii.de\/w7\/kreisbote-gap\/fuer-den-g7-gipfel-bayerische-polizei-richtet-buergertelefon-und-email-adresse-fuer-anfragen-ein-91382380-html-9122\/"},"modified":"2022-03-07T08:00:00","modified_gmt":"2022-03-07T07:00:00","slug":"fuer-den-g7-gipfel-bayerische-polizei-richtet-buergertelefon-und-email-adresse-fuer-anfragen-ein-91382380-html","status":"publish","type":"post","link":"http:\/\/cms.mtsomnii.de\/w7\/kreisbote-gap\/fuer-den-g7-gipfel-bayerische-polizei-richtet-buergertelefon-und-email-adresse-fuer-anfragen-ein-91382380-html-9122\/","title":{"rendered":"F\u00fcr den G7-Gipfel: Bayerische Polizei richtet B\u00fcrgertelefon und Email-Adresse f\u00fcr Anfragen ein"},"content":{"rendered":"<div>Landkreis \u2013 Der n\u00e4chste G7-Gipfel vom 26. bis 28.Juni auf Schloss Elmau wird f\u00fcr die Bayerische Polizei abermals ein ganz besonderer und herausfordernder Einsatz sein. Die umfangreichen Vorbereitungen erfolgen in einem durch das Bayerische Staatsministerium des Innern, f\u00fcr Sport und Integration f\u00fcr dieses Gro\u00dfereignis eigens eingerichteten Planungsstab der Bayerischen Polizei.<\/div>\n","protected":false},"excerpt":{"rendered":"<p>Landkreis \u2013 Der n\u00e4chste G7-Gipfel vom 26. bis 28.Juni auf Schloss Elmau wird f\u00fcr die Bayerische Polizei abermals ein ganz besonderer und herausfordernder Einsatz sein. Die umfangreichen Vorbereitungen erfolgen in einem durch das Bayerische Staatsministerium des Innern, f\u00fcr Sport und Integration f\u00fcr dieses Gro\u00dfereignis eigens eingerichteten Planungsstab der Bayerischen Polizei.<\/p>\n","protected":false},"author":4,"featured_media":0,"comment_status":"closed","ping_status":"open","sticky":false,"template":"","format":"standard","meta":[],"categories":[2],"tags":[],"_links":{"self":[{"href":"http:\/\/cms.mtsomnii.de\/w7\/wp-json\/wp\/v2\/posts\/9122"}],"collection":[{"href":"http:\/\/cms.mtsomnii.de\/w7\/wp-json\/wp\/v2\/posts"}],"about":[{"href":"http:\/\/cms.mtsomnii.de\/w7\/wp-json\/wp\/v2\/types\/post"}],"author":[{"embeddable":true,"href":"http:\/\/cms.mtsomnii.de\/w7\/wp-json\/wp\/v2\/users\/4"}],"replies":[{"embeddable":true,"href":"http:\/\/cms.mtsomnii.de\/w7\/wp-json\/wp\/v2\/comments?post=9122"}],"version-history":[{"count":0,"href":"http:\/\/cms.mtsomnii.de\/w7\/wp-json\/wp\/v2\/posts\/9122\/revisions"}],"wp:attachment":[{"href":"http:\/\/cms.mtsomnii.de\/w7\/wp-json\/wp\/v2\/media?parent=9122"}],"wp:term":[{"taxonomy":"category","embeddable":true,"href":"http:\/\/cms.mtsomnii.de\/w7\/wp-json\/wp\/v2\/categories?post=9122"},{"taxonomy":"post_tag","embeddable":true,"href":"http:\/\/cms.mtsomnii.de\/w7\/wp-json\/wp\/v2\/tags?post=9122"}],"curies":[{"name":"wp","href":"https:\/\/api.w.org\/{rel}","templated":true}]}}