{"id":9408,"date":"2022-03-22T14:00:00","date_gmt":"2022-03-22T13:00:00","guid":{"rendered":"http:\/\/cms.mtsomnii.de\/w7\/kreisbote-gap\/skibetrieb-ohne-2g-beschraenkung-in-garmisch-partenkirchen-91427218-html-9408\/"},"modified":"2022-03-22T14:00:00","modified_gmt":"2022-03-22T13:00:00","slug":"skibetrieb-ohne-2g-beschraenkung-in-garmisch-partenkirchen-91427218-html","status":"publish","type":"post","link":"http:\/\/cms.mtsomnii.de\/w7\/kreisbote-gap\/skibetrieb-ohne-2g-beschraenkung-in-garmisch-partenkirchen-91427218-html-9408\/","title":{"rendered":"Skibetrieb ohne 2G-Beschr\u00e4nkung in den Skigebieten der Bayerischen Zugspitzbahn"},"content":{"rendered":"<div>GAP \u2013 Ab Donnerstag, 24. M\u00e4rz werden in den Gebieten Garmisch-Classic sowie auf der Zugspitze die Corona-Beschr\u00e4nkungen weiter gelockert. Die 2G\/3G-Nachweispflicht entf\u00e4llt f\u00fcr (Ski-)G\u00e4ste komplett. Somit k\u00f6nnen G\u00e4ste ohne das Vorzeigen von Impf-, Genesenen- oder Test-Nachweisen die Bahn- und Liftanlagen nutzen. Auch bei der Zahnradbahn gibt es keine Zugangsbeschr\u00e4nkung mehr. In den gastronomischen Einrichtungen ist ein 3G-Nachweis in Kombination mit einem g\u00fcltigen Ausweisdokument erforderlich. Die Kontrolle wird vor Ort vom Servicepersonal durchgef\u00fchrt und erfolgt, je nach \u00d6rtlichkeit direkt am Eingang oder am Tisch.<\/div>\n","protected":false},"excerpt":{"rendered":"<p>GAP \u2013 Ab Donnerstag, 24. M\u00e4rz werden in den Gebieten Garmisch-Classic sowie auf der Zugspitze die Corona-Beschr\u00e4nkungen weiter gelockert. Die 2G\/3G-Nachweispflicht entf\u00e4llt f\u00fcr (Ski-)G\u00e4ste komplett. Somit k\u00f6nnen G\u00e4ste ohne das Vorzeigen von Impf-, Genesenen- oder Test-Nachweisen die Bahn- und Liftanlagen nutzen. Auch bei der Zahnradbahn gibt es keine Zugangsbeschr\u00e4nkung mehr. In den gastronomischen Einrichtungen ist ein 3G-Nachweis in Kombination mit<\/p>\n","protected":false},"author":4,"featured_media":0,"comment_status":"closed","ping_status":"open","sticky":false,"template":"","format":"standard","meta":[],"categories":[2],"tags":[],"_links":{"self":[{"href":"http:\/\/cms.mtsomnii.de\/w7\/wp-json\/wp\/v2\/posts\/9408"}],"collection":[{"href":"http:\/\/cms.mtsomnii.de\/w7\/wp-json\/wp\/v2\/posts"}],"about":[{"href":"http:\/\/cms.mtsomnii.de\/w7\/wp-json\/wp\/v2\/types\/post"}],"author":[{"embeddable":true,"href":"http:\/\/cms.mtsomnii.de\/w7\/wp-json\/wp\/v2\/users\/4"}],"replies":[{"embeddable":true,"href":"http:\/\/cms.mtsomnii.de\/w7\/wp-json\/wp\/v2\/comments?post=9408"}],"version-history":[{"count":0,"href":"http:\/\/cms.mtsomnii.de\/w7\/wp-json\/wp\/v2\/posts\/9408\/revisions"}],"wp:attachment":[{"href":"http:\/\/cms.mtsomnii.de\/w7\/wp-json\/wp\/v2\/media?parent=9408"}],"wp:term":[{"taxonomy":"category","embeddable":true,"href":"http:\/\/cms.mtsomnii.de\/w7\/wp-json\/wp\/v2\/categories?post=9408"},{"taxonomy":"post_tag","embeddable":true,"href":"http:\/\/cms.mtsomnii.de\/w7\/wp-json\/wp\/v2\/tags?post=9408"}],"curies":[{"name":"wp","href":"https:\/\/api.w.org\/{rel}","templated":true}]}}