{"id":9427,"date":"2022-03-23T09:07:37","date_gmt":"2022-03-23T08:07:37","guid":{"rendered":"http:\/\/cms.mtsomnii.de\/w7\/merkur-de-gap\/sonnenberg-unterammergau-wanderer-unfall-absturz-tod-tot-bergwacht-begleiterin-bayern-91426701-html-5-9427\/"},"modified":"2022-03-23T09:07:37","modified_gmt":"2022-03-23T08:07:37","slug":"sonnenberg-unterammergau-wanderer-unfall-absturz-tod-tot-bergwacht-begleiterin-bayern-91426701-html-5","status":"publish","type":"post","link":"http:\/\/cms.mtsomnii.de\/w7\/merkur-de-gap\/sonnenberg-unterammergau-wanderer-unfall-absturz-tod-tot-bergwacht-begleiterin-bayern-91426701-html-5-9427\/","title":{"rendered":"Vor den Augen seiner Begleiterin: Wanderer st\u00fcrzt in felsigem Gel\u00e4nde 200 Meter tief und stirbt"},"content":{"rendered":"<div>Am Sonnenberg in Unterammergau ist es zu einem t\u00f6dlichen Bergunfall gekommen. Ein Mann (41) verlor den Halt und st\u00fcrzte vor den Augen seiner Begleiterin ab.<\/div>\n","protected":false},"excerpt":{"rendered":"<p>Am Sonnenberg in Unterammergau ist es zu einem t\u00f6dlichen Bergunfall gekommen. Ein Mann (41) verlor den Halt und st\u00fcrzte vor den Augen seiner Begleiterin ab.<\/p>\n","protected":false},"author":5,"featured_media":0,"comment_status":"closed","ping_status":"open","sticky":false,"template":"","format":"standard","meta":[],"categories":[5],"tags":[],"_links":{"self":[{"href":"http:\/\/cms.mtsomnii.de\/w7\/wp-json\/wp\/v2\/posts\/9427"}],"collection":[{"href":"http:\/\/cms.mtsomnii.de\/w7\/wp-json\/wp\/v2\/posts"}],"about":[{"href":"http:\/\/cms.mtsomnii.de\/w7\/wp-json\/wp\/v2\/types\/post"}],"author":[{"embeddable":true,"href":"http:\/\/cms.mtsomnii.de\/w7\/wp-json\/wp\/v2\/users\/5"}],"replies":[{"embeddable":true,"href":"http:\/\/cms.mtsomnii.de\/w7\/wp-json\/wp\/v2\/comments?post=9427"}],"version-history":[{"count":0,"href":"http:\/\/cms.mtsomnii.de\/w7\/wp-json\/wp\/v2\/posts\/9427\/revisions"}],"wp:attachment":[{"href":"http:\/\/cms.mtsomnii.de\/w7\/wp-json\/wp\/v2\/media?parent=9427"}],"wp:term":[{"taxonomy":"category","embeddable":true,"href":"http:\/\/cms.mtsomnii.de\/w7\/wp-json\/wp\/v2\/categories?post=9427"},{"taxonomy":"post_tag","embeddable":true,"href":"http:\/\/cms.mtsomnii.de\/w7\/wp-json\/wp\/v2\/tags?post=9427"}],"curies":[{"name":"wp","href":"https:\/\/api.w.org\/{rel}","templated":true}]}}