{"id":9430,"date":"2022-03-23T09:44:27","date_gmt":"2022-03-23T08:44:27","guid":{"rendered":"http:\/\/cms.mtsomnii.de\/w7\/merkur-de-gap\/g7-gipfel-2022-schloss-elmau-polizei-garmisch-partenkirchen-arrestzellen-gegner-demonstrationen-91425678-html-9430\/"},"modified":"2022-03-23T09:44:27","modified_gmt":"2022-03-23T08:44:27","slug":"g7-gipfel-2022-schloss-elmau-polizei-garmisch-partenkirchen-arrestzellen-gegner-demonstrationen-91425678-html","status":"publish","type":"post","link":"http:\/\/cms.mtsomnii.de\/w7\/merkur-de-gap\/g7-gipfel-2022-schloss-elmau-polizei-garmisch-partenkirchen-arrestzellen-gegner-demonstrationen-91425678-html-9430\/","title":{"rendered":"G7-Gipfel auf Schloss Elmau: Polizei errichtet am Skistadion Arrestzellen f\u00fcr straff\u00e4llige Gegner"},"content":{"rendered":"<div>Der G7-Gipfel auf Schloss Elmau bei Garmisch-Partenkirchen r\u00fcckt immer n\u00e4her. Nun werden bereits Arrestzellen f\u00fcr mutma\u00dfliche Straft\u00e4ter unter den Gegnern eingerichtet.<\/div>\n","protected":false},"excerpt":{"rendered":"<p>Der G7-Gipfel auf Schloss Elmau bei Garmisch-Partenkirchen r\u00fcckt immer n\u00e4her. Nun werden bereits Arrestzellen f\u00fcr mutma\u00dfliche Straft\u00e4ter unter den Gegnern eingerichtet.<\/p>\n","protected":false},"author":5,"featured_media":0,"comment_status":"closed","ping_status":"open","sticky":false,"template":"","format":"standard","meta":[],"categories":[5],"tags":[],"_links":{"self":[{"href":"http:\/\/cms.mtsomnii.de\/w7\/wp-json\/wp\/v2\/posts\/9430"}],"collection":[{"href":"http:\/\/cms.mtsomnii.de\/w7\/wp-json\/wp\/v2\/posts"}],"about":[{"href":"http:\/\/cms.mtsomnii.de\/w7\/wp-json\/wp\/v2\/types\/post"}],"author":[{"embeddable":true,"href":"http:\/\/cms.mtsomnii.de\/w7\/wp-json\/wp\/v2\/users\/5"}],"replies":[{"embeddable":true,"href":"http:\/\/cms.mtsomnii.de\/w7\/wp-json\/wp\/v2\/comments?post=9430"}],"version-history":[{"count":0,"href":"http:\/\/cms.mtsomnii.de\/w7\/wp-json\/wp\/v2\/posts\/9430\/revisions"}],"wp:attachment":[{"href":"http:\/\/cms.mtsomnii.de\/w7\/wp-json\/wp\/v2\/media?parent=9430"}],"wp:term":[{"taxonomy":"category","embeddable":true,"href":"http:\/\/cms.mtsomnii.de\/w7\/wp-json\/wp\/v2\/categories?post=9430"},{"taxonomy":"post_tag","embeddable":true,"href":"http:\/\/cms.mtsomnii.de\/w7\/wp-json\/wp\/v2\/tags?post=9430"}],"curies":[{"name":"wp","href":"https:\/\/api.w.org\/{rel}","templated":true}]}}