{"id":9431,"date":"2022-03-23T10:00:00","date_gmt":"2022-03-23T09:00:00","guid":{"rendered":"http:\/\/cms.mtsomnii.de\/w7\/merkur-de-gap\/das-groesste-freilichtmuseum-suedbayerns-hat-seine-tueren-geoeffnet-91424214-html-2-9431\/"},"modified":"2022-03-23T10:00:00","modified_gmt":"2022-03-23T09:00:00","slug":"das-groesste-freilichtmuseum-suedbayerns-hat-seine-tueren-geoeffnet-91424214-html-2","status":"publish","type":"post","link":"http:\/\/cms.mtsomnii.de\/w7\/merkur-de-gap\/das-groesste-freilichtmuseum-suedbayerns-hat-seine-tueren-geoeffnet-91424214-html-2-9431\/","title":{"rendered":"Das gr\u00f6\u00dfte Freilichtmuseum S\u00fcdbayerns hat seine T\u00fcren ge\u00f6ffnet"},"content":{"rendered":"<div>Gro\u00dfweil \u2013 Das neuen Museumsjahr an der Glentleiten wartet mit zahlreichen H\u00f6hepunkten auf \u2013 und es wird wieder viel geboten im Freilichtmuseum des Bezirks Oberbayern: Eine neue Sonderausstellung, gleich zwei Geb\u00e4udeer\u00f6ffnungen, der 50. Geburtstag des F\u00f6rdervereins sowie ein vielseitiges Programm kennzeichnen die diesj\u00e4hrige Museumssaison, die von 19. M\u00e4rz bis Martini, am 11. November dauern wird.<\/div>\n","protected":false},"excerpt":{"rendered":"<p>Gro\u00dfweil \u2013 Das neuen Museumsjahr an der Glentleiten wartet mit zahlreichen H\u00f6hepunkten auf \u2013 und es wird wieder viel geboten im Freilichtmuseum des Bezirks Oberbayern: Eine neue Sonderausstellung, gleich zwei Geb\u00e4udeer\u00f6ffnungen, der 50. Geburtstag des F\u00f6rdervereins sowie ein vielseitiges Programm kennzeichnen die diesj\u00e4hrige Museumssaison, die von 19. M\u00e4rz bis Martini, am 11. November dauern wird.<\/p>\n","protected":false},"author":5,"featured_media":0,"comment_status":"closed","ping_status":"open","sticky":false,"template":"","format":"standard","meta":[],"categories":[5],"tags":[],"_links":{"self":[{"href":"http:\/\/cms.mtsomnii.de\/w7\/wp-json\/wp\/v2\/posts\/9431"}],"collection":[{"href":"http:\/\/cms.mtsomnii.de\/w7\/wp-json\/wp\/v2\/posts"}],"about":[{"href":"http:\/\/cms.mtsomnii.de\/w7\/wp-json\/wp\/v2\/types\/post"}],"author":[{"embeddable":true,"href":"http:\/\/cms.mtsomnii.de\/w7\/wp-json\/wp\/v2\/users\/5"}],"replies":[{"embeddable":true,"href":"http:\/\/cms.mtsomnii.de\/w7\/wp-json\/wp\/v2\/comments?post=9431"}],"version-history":[{"count":0,"href":"http:\/\/cms.mtsomnii.de\/w7\/wp-json\/wp\/v2\/posts\/9431\/revisions"}],"wp:attachment":[{"href":"http:\/\/cms.mtsomnii.de\/w7\/wp-json\/wp\/v2\/media?parent=9431"}],"wp:term":[{"taxonomy":"category","embeddable":true,"href":"http:\/\/cms.mtsomnii.de\/w7\/wp-json\/wp\/v2\/categories?post=9431"},{"taxonomy":"post_tag","embeddable":true,"href":"http:\/\/cms.mtsomnii.de\/w7\/wp-json\/wp\/v2\/tags?post=9431"}],"curies":[{"name":"wp","href":"https:\/\/api.w.org\/{rel}","templated":true}]}}