{"id":9437,"date":"2022-03-23T14:02:00","date_gmt":"2022-03-23T13:02:00","guid":{"rendered":"http:\/\/cms.mtsomnii.de\/w7\/kreisbote-gap\/erhoehte-walbrandgefahr-luftbeobachtungsfluege-in-garmisch-partenkirchen-91430142-html-2-9437\/"},"modified":"2022-03-23T14:02:00","modified_gmt":"2022-03-23T13:02:00","slug":"erhoehte-walbrandgefahr-luftbeobachtungsfluege-in-garmisch-partenkirchen-91430142-html-2","status":"publish","type":"post","link":"http:\/\/cms.mtsomnii.de\/w7\/kreisbote-gap\/erhoehte-walbrandgefahr-luftbeobachtungsfluege-in-garmisch-partenkirchen-91430142-html-2-9437\/","title":{"rendered":"Erh\u00f6hte Waldbrandgefahr: Luftbeobachtungsfl\u00fcge in Garmisch-Partenkirchen"},"content":{"rendered":"<div>Wegen erh\u00f6hter Waldbrandgefahr hat die Regierung von Oberbayern f\u00fcr heute, 23. M\u00e4rz, die Luftbeobachtung f\u00fcr die Landkreise Alt\u00f6tting, Bad T\u00f6lz-Wolfratshausen, Berchtesgadener Land, Ebersberg, Erding, Garmisch-Partenkirchen, Miesbach, M\u00fchldorf a.Inn, Rosenheim und Traunstein angeordnet. Dies geschieht in Abstimmung mit dem Amt f\u00fcr Ern\u00e4hrung, Landwirtschaft und Forsten Ingolstadt-Pfaffenhofen a.d.Ilm, das insoweit f\u00fcr ganz Oberbayern zust\u00e4ndig ist. Die Flieger starten von den St\u00fctzpunkten Erding, Ohlstadt (GAP) und M\u00fchldorf und erreichen von dort aus gef\u00e4hrdete W\u00e4lder in den betroffenen Gebieten. Die Beobachtungsfl\u00fcge finden heute Nachmittag statt.<\/div>\n","protected":false},"excerpt":{"rendered":"<p>Wegen erh\u00f6hter Waldbrandgefahr hat die Regierung von Oberbayern f\u00fcr heute, 23. M\u00e4rz, die Luftbeobachtung f\u00fcr die Landkreise Alt\u00f6tting, Bad T\u00f6lz-Wolfratshausen, Berchtesgadener Land, Ebersberg, Erding, Garmisch-Partenkirchen, Miesbach, M\u00fchldorf a.Inn, Rosenheim und Traunstein angeordnet. Dies geschieht in Abstimmung mit dem Amt f\u00fcr Ern\u00e4hrung, Landwirtschaft und Forsten Ingolstadt-Pfaffenhofen a.d.Ilm, das insoweit f\u00fcr ganz Oberbayern zust\u00e4ndig ist. Die Flieger starten von den St\u00fctzpunkten Erding,<\/p>\n","protected":false},"author":4,"featured_media":0,"comment_status":"closed","ping_status":"open","sticky":false,"template":"","format":"standard","meta":[],"categories":[2],"tags":[],"_links":{"self":[{"href":"http:\/\/cms.mtsomnii.de\/w7\/wp-json\/wp\/v2\/posts\/9437"}],"collection":[{"href":"http:\/\/cms.mtsomnii.de\/w7\/wp-json\/wp\/v2\/posts"}],"about":[{"href":"http:\/\/cms.mtsomnii.de\/w7\/wp-json\/wp\/v2\/types\/post"}],"author":[{"embeddable":true,"href":"http:\/\/cms.mtsomnii.de\/w7\/wp-json\/wp\/v2\/users\/4"}],"replies":[{"embeddable":true,"href":"http:\/\/cms.mtsomnii.de\/w7\/wp-json\/wp\/v2\/comments?post=9437"}],"version-history":[{"count":0,"href":"http:\/\/cms.mtsomnii.de\/w7\/wp-json\/wp\/v2\/posts\/9437\/revisions"}],"wp:attachment":[{"href":"http:\/\/cms.mtsomnii.de\/w7\/wp-json\/wp\/v2\/media?parent=9437"}],"wp:term":[{"taxonomy":"category","embeddable":true,"href":"http:\/\/cms.mtsomnii.de\/w7\/wp-json\/wp\/v2\/categories?post=9437"},{"taxonomy":"post_tag","embeddable":true,"href":"http:\/\/cms.mtsomnii.de\/w7\/wp-json\/wp\/v2\/tags?post=9437"}],"curies":[{"name":"wp","href":"https:\/\/api.w.org\/{rel}","templated":true}]}}