{"id":9451,"date":"2022-03-24T10:00:00","date_gmt":"2022-03-24T09:00:00","guid":{"rendered":"http:\/\/cms.mtsomnii.de\/w7\/merkur-de-gap\/ein-streifzug-durchs-depot-91430943-html-9451\/"},"modified":"2022-03-24T10:00:00","modified_gmt":"2022-03-24T09:00:00","slug":"ein-streifzug-durchs-depot-91430943-html","status":"publish","type":"post","link":"http:\/\/cms.mtsomnii.de\/w7\/merkur-de-gap\/ein-streifzug-durchs-depot-91430943-html-9451\/","title":{"rendered":"Neue Ausstellung im Werdenfels Museum: Noch-Leiter K\u00fcmmerle erf\u00fcllt sich einen Traum"},"content":{"rendered":"<div>Sch\u00e4tze aus dem Depot pr\u00e4sentiert Josef K\u00fcmmerle in seiner letzten Ausstellung als Leiter des Werdenfels Museums. 170 ausgew\u00e4hlte St\u00fccke zeigen bis 6. November, wie vielf\u00e4ltig die Geschichte des Landkreises ist. Und wie viele K\u00fcnstler hier schon t\u00e4tig waren.<\/div>\n","protected":false},"excerpt":{"rendered":"<p>Sch\u00e4tze aus dem Depot pr\u00e4sentiert Josef K\u00fcmmerle in seiner letzten Ausstellung als Leiter des Werdenfels Museums. 170 ausgew\u00e4hlte St\u00fccke zeigen bis 6. November, wie vielf\u00e4ltig die Geschichte des Landkreises ist. Und wie viele K\u00fcnstler hier schon t\u00e4tig waren.<\/p>\n","protected":false},"author":5,"featured_media":0,"comment_status":"closed","ping_status":"open","sticky":false,"template":"","format":"standard","meta":[],"categories":[5],"tags":[],"_links":{"self":[{"href":"http:\/\/cms.mtsomnii.de\/w7\/wp-json\/wp\/v2\/posts\/9451"}],"collection":[{"href":"http:\/\/cms.mtsomnii.de\/w7\/wp-json\/wp\/v2\/posts"}],"about":[{"href":"http:\/\/cms.mtsomnii.de\/w7\/wp-json\/wp\/v2\/types\/post"}],"author":[{"embeddable":true,"href":"http:\/\/cms.mtsomnii.de\/w7\/wp-json\/wp\/v2\/users\/5"}],"replies":[{"embeddable":true,"href":"http:\/\/cms.mtsomnii.de\/w7\/wp-json\/wp\/v2\/comments?post=9451"}],"version-history":[{"count":0,"href":"http:\/\/cms.mtsomnii.de\/w7\/wp-json\/wp\/v2\/posts\/9451\/revisions"}],"wp:attachment":[{"href":"http:\/\/cms.mtsomnii.de\/w7\/wp-json\/wp\/v2\/media?parent=9451"}],"wp:term":[{"taxonomy":"category","embeddable":true,"href":"http:\/\/cms.mtsomnii.de\/w7\/wp-json\/wp\/v2\/categories?post=9451"},{"taxonomy":"post_tag","embeddable":true,"href":"http:\/\/cms.mtsomnii.de\/w7\/wp-json\/wp\/v2\/tags?post=9451"}],"curies":[{"name":"wp","href":"https:\/\/api.w.org\/{rel}","templated":true}]}}