{"id":9470,"date":"2022-03-25T10:00:00","date_gmt":"2022-03-25T09:00:00","guid":{"rendered":"http:\/\/cms.mtsomnii.de\/w7\/merkur-de-gap\/die-damen-haben-das-sagen-neuwahlen-in-der-theatergruppe-kruen-91424448-html-2-9470\/"},"modified":"2022-03-25T10:00:00","modified_gmt":"2022-03-25T09:00:00","slug":"die-damen-haben-das-sagen-neuwahlen-in-der-theatergruppe-kruen-91424448-html-2","status":"publish","type":"post","link":"http:\/\/cms.mtsomnii.de\/w7\/merkur-de-gap\/die-damen-haben-das-sagen-neuwahlen-in-der-theatergruppe-kruen-91424448-html-2-9470\/","title":{"rendered":"Die Damen haben das Sagen &#8211; Neuwahlen in der Theatergruppe Kr\u00fcn"},"content":{"rendered":"<div>Kr\u00fcn  \u2013 Die weibliche Note im F\u00fchrungsteam der Theatergruppe Kr\u00fcn bleibt erhalten. Bei der Jahreshauptversammlung im Gasthof Sch\u00f6ttlkarspitz wurden bei den f\u00e4lligen Neuwahlen nur einige von Frauen besetzte \u00c4mter getauscht. F\u00fcr die nicht mehr kandidierende Vorsitzende Alexandra Reindl \u2013 sie \u00fcbernimmt als Jugendleiterin wieder den Nachwuchs \u2013 r\u00fcckte Schriftf\u00fchrerin Kathrin Anzenberger nach. Stellvertreterin bleibt Annelies Kriner. Nachfolgerin als Schriftf\u00fchrerin wurde die von Anzenberger selbst vorgeschlagene Schwester und bisherige Kassenwartin Petra Reindl. F\u00fcr ihr Amt fand sich bei den von Richard Zahler senior geleiteten Wahlen mit dem Raiffeisenbank- und Trachtenvereins-Vorstand Bernhard Benz ein ad\u00e4quater Nachfolger. Die m\u00e4nnliche Note im Gremium vertreten nach dem R\u00fccktritt von Spielleiter Klaus P\u00f6lzl neben Benz und Beisitzer Richard Zahler junior der technische Leiter Lothar Ragaller junior (siehe Gew\u00e4hlt).<\/div>\n","protected":false},"excerpt":{"rendered":"<p>Kr\u00fcn \u2013 Die weibliche Note im F\u00fchrungsteam der Theatergruppe Kr\u00fcn bleibt erhalten. Bei der Jahreshauptversammlung im Gasthof Sch\u00f6ttlkarspitz wurden bei den f\u00e4lligen Neuwahlen nur einige von Frauen besetzte \u00c4mter getauscht. F\u00fcr die nicht mehr kandidierende Vorsitzende Alexandra Reindl \u2013 sie \u00fcbernimmt als Jugendleiterin wieder den Nachwuchs \u2013 r\u00fcckte Schriftf\u00fchrerin Kathrin Anzenberger nach. Stellvertreterin bleibt Annelies Kriner. Nachfolgerin als Schriftf\u00fchrerin wurde<\/p>\n","protected":false},"author":5,"featured_media":0,"comment_status":"closed","ping_status":"open","sticky":false,"template":"","format":"standard","meta":[],"categories":[5],"tags":[],"_links":{"self":[{"href":"http:\/\/cms.mtsomnii.de\/w7\/wp-json\/wp\/v2\/posts\/9470"}],"collection":[{"href":"http:\/\/cms.mtsomnii.de\/w7\/wp-json\/wp\/v2\/posts"}],"about":[{"href":"http:\/\/cms.mtsomnii.de\/w7\/wp-json\/wp\/v2\/types\/post"}],"author":[{"embeddable":true,"href":"http:\/\/cms.mtsomnii.de\/w7\/wp-json\/wp\/v2\/users\/5"}],"replies":[{"embeddable":true,"href":"http:\/\/cms.mtsomnii.de\/w7\/wp-json\/wp\/v2\/comments?post=9470"}],"version-history":[{"count":0,"href":"http:\/\/cms.mtsomnii.de\/w7\/wp-json\/wp\/v2\/posts\/9470\/revisions"}],"wp:attachment":[{"href":"http:\/\/cms.mtsomnii.de\/w7\/wp-json\/wp\/v2\/media?parent=9470"}],"wp:term":[{"taxonomy":"category","embeddable":true,"href":"http:\/\/cms.mtsomnii.de\/w7\/wp-json\/wp\/v2\/categories?post=9470"},{"taxonomy":"post_tag","embeddable":true,"href":"http:\/\/cms.mtsomnii.de\/w7\/wp-json\/wp\/v2\/tags?post=9470"}],"curies":[{"name":"wp","href":"https:\/\/api.w.org\/{rel}","templated":true}]}}