{"id":9472,"date":"2022-03-25T12:00:00","date_gmt":"2022-03-25T11:00:00","guid":{"rendered":"http:\/\/cms.mtsomnii.de\/w7\/merkur-de-gap\/ein-begehrter-posten-91433562-html-9472\/"},"modified":"2022-03-25T12:00:00","modified_gmt":"2022-03-25T11:00:00","slug":"ein-begehrter-posten-91433562-html","status":"publish","type":"post","link":"http:\/\/cms.mtsomnii.de\/w7\/merkur-de-gap\/ein-begehrter-posten-91433562-html-9472\/","title":{"rendered":"Begehrter Posten: Freilichtmuseum Glentleiten bekommt bald neue Leitung"},"content":{"rendered":"<div>Nach 18 Jahren bekommt das gr\u00f6\u00dfte Freilichtmuseum S\u00fcdbayerns eine neue Leitung. Denn Glentleiten-Direktorin Dr. Monika Kania-Sch\u00fctz verabschiedet sich heuer in den Ruhestand. Es ist davon auszugehen, dass sich viele f\u00fcr den Posten bewerben werden.<\/div>\n","protected":false},"excerpt":{"rendered":"<p>Nach 18 Jahren bekommt das gr\u00f6\u00dfte Freilichtmuseum S\u00fcdbayerns eine neue Leitung. Denn Glentleiten-Direktorin Dr. Monika Kania-Sch\u00fctz verabschiedet sich heuer in den Ruhestand. Es ist davon auszugehen, dass sich viele f\u00fcr den Posten bewerben werden.<\/p>\n","protected":false},"author":5,"featured_media":0,"comment_status":"closed","ping_status":"open","sticky":false,"template":"","format":"standard","meta":[],"categories":[5],"tags":[],"_links":{"self":[{"href":"http:\/\/cms.mtsomnii.de\/w7\/wp-json\/wp\/v2\/posts\/9472"}],"collection":[{"href":"http:\/\/cms.mtsomnii.de\/w7\/wp-json\/wp\/v2\/posts"}],"about":[{"href":"http:\/\/cms.mtsomnii.de\/w7\/wp-json\/wp\/v2\/types\/post"}],"author":[{"embeddable":true,"href":"http:\/\/cms.mtsomnii.de\/w7\/wp-json\/wp\/v2\/users\/5"}],"replies":[{"embeddable":true,"href":"http:\/\/cms.mtsomnii.de\/w7\/wp-json\/wp\/v2\/comments?post=9472"}],"version-history":[{"count":0,"href":"http:\/\/cms.mtsomnii.de\/w7\/wp-json\/wp\/v2\/posts\/9472\/revisions"}],"wp:attachment":[{"href":"http:\/\/cms.mtsomnii.de\/w7\/wp-json\/wp\/v2\/media?parent=9472"}],"wp:term":[{"taxonomy":"category","embeddable":true,"href":"http:\/\/cms.mtsomnii.de\/w7\/wp-json\/wp\/v2\/categories?post=9472"},{"taxonomy":"post_tag","embeddable":true,"href":"http:\/\/cms.mtsomnii.de\/w7\/wp-json\/wp\/v2\/tags?post=9472"}],"curies":[{"name":"wp","href":"https:\/\/api.w.org\/{rel}","templated":true}]}}