{"id":9476,"date":"2022-03-25T15:00:00","date_gmt":"2022-03-25T14:00:00","guid":{"rendered":"http:\/\/cms.mtsomnii.de\/w7\/kreisbote-gap\/kruener-vorschulkinder-sammelten-mit-verkaufsstand-spenden-fuer-die-ukraine-91427055-html-2-9476\/"},"modified":"2022-03-25T15:00:00","modified_gmt":"2022-03-25T14:00:00","slug":"kruener-vorschulkinder-sammelten-mit-verkaufsstand-spenden-fuer-die-ukraine-91427055-html-2","status":"publish","type":"post","link":"http:\/\/cms.mtsomnii.de\/w7\/kreisbote-gap\/kruener-vorschulkinder-sammelten-mit-verkaufsstand-spenden-fuer-die-ukraine-91427055-html-2-9476\/","title":{"rendered":"Kr\u00fcner Vorschulkinder sammelten mit Verkaufsstand Spenden f\u00fcr die Ukraine"},"content":{"rendered":"<div>Kr\u00fcn \u2013 Richtig eifrig waren die Vorschulkinder des katholischen Kindergarten St. Sebastian in Kr\u00fcn. Unter Leitung von Erzieherin Franziska Sellmaier und Annemarie Neumayer haben die M\u00e4dchen und Buben drei Tage mit den vom Personal und Eltern gestifteten Materialien gewerkelt und ihre selbstgebastelten Kreationen anschlie\u00dfend an einem Verkaufsstand angeboten.<\/div>\n","protected":false},"excerpt":{"rendered":"<p>Kr\u00fcn \u2013 Richtig eifrig waren die Vorschulkinder des katholischen Kindergarten St. Sebastian in Kr\u00fcn. Unter Leitung von Erzieherin Franziska Sellmaier und Annemarie Neumayer haben die M\u00e4dchen und Buben drei Tage mit den vom Personal und Eltern gestifteten Materialien gewerkelt und ihre selbstgebastelten Kreationen anschlie\u00dfend an einem Verkaufsstand angeboten.<\/p>\n","protected":false},"author":4,"featured_media":0,"comment_status":"closed","ping_status":"open","sticky":false,"template":"","format":"standard","meta":[],"categories":[2],"tags":[],"_links":{"self":[{"href":"http:\/\/cms.mtsomnii.de\/w7\/wp-json\/wp\/v2\/posts\/9476"}],"collection":[{"href":"http:\/\/cms.mtsomnii.de\/w7\/wp-json\/wp\/v2\/posts"}],"about":[{"href":"http:\/\/cms.mtsomnii.de\/w7\/wp-json\/wp\/v2\/types\/post"}],"author":[{"embeddable":true,"href":"http:\/\/cms.mtsomnii.de\/w7\/wp-json\/wp\/v2\/users\/4"}],"replies":[{"embeddable":true,"href":"http:\/\/cms.mtsomnii.de\/w7\/wp-json\/wp\/v2\/comments?post=9476"}],"version-history":[{"count":0,"href":"http:\/\/cms.mtsomnii.de\/w7\/wp-json\/wp\/v2\/posts\/9476\/revisions"}],"wp:attachment":[{"href":"http:\/\/cms.mtsomnii.de\/w7\/wp-json\/wp\/v2\/media?parent=9476"}],"wp:term":[{"taxonomy":"category","embeddable":true,"href":"http:\/\/cms.mtsomnii.de\/w7\/wp-json\/wp\/v2\/categories?post=9476"},{"taxonomy":"post_tag","embeddable":true,"href":"http:\/\/cms.mtsomnii.de\/w7\/wp-json\/wp\/v2\/tags?post=9476"}],"curies":[{"name":"wp","href":"https:\/\/api.w.org\/{rel}","templated":true}]}}