{"id":9477,"date":"2022-03-25T18:00:00","date_gmt":"2022-03-25T17:00:00","guid":{"rendered":"http:\/\/cms.mtsomnii.de\/w7\/kreisbote-gap\/am-samstag-heisst-es-licht-aus-an-der-partenkirchner-skisprungschanze-91432140-html-9477\/"},"modified":"2022-03-25T18:00:00","modified_gmt":"2022-03-25T17:00:00","slug":"am-samstag-heisst-es-licht-aus-an-der-partenkirchner-skisprungschanze-91432140-html","status":"publish","type":"post","link":"http:\/\/cms.mtsomnii.de\/w7\/kreisbote-gap\/am-samstag-heisst-es-licht-aus-an-der-partenkirchner-skisprungschanze-91432140-html-9477\/","title":{"rendered":"Am Samstag hei\u00dft es \u201eLicht aus\u201c an der Partenkirchner Skisprungschanze"},"content":{"rendered":"<div>GAP &#8211; Am kommenden Samstag, den 26. M\u00e4rz findet die \u201eWWF Earth Hour 2022\u201c statt. Diese Aktion ist die weltweit gr\u00f6\u00dfte f\u00fcr mehr Klima-, und Umweltschutz. Rund um den Globus werden im Jahr 2022 zum 16. Mal Millionen Menschen sowie tausende St\u00e4dte, Gemeinden und Unternehmen f\u00fcr eine Stunde das Licht ausschalten und so gemeinsam ein starkes Zeichen f\u00fcr den Schutz unseres Planeten und setzen. In diesem Jahr steht die \u201eEarth Hour\u201c aber nicht nur f\u00fcr Klima-, und Umweltschutz, sondern auch f\u00fcr Solidarit\u00e4t mit den Opfern des Krieges in der Ukraine.<\/div>\n","protected":false},"excerpt":{"rendered":"<p>GAP &#8211; Am kommenden Samstag, den 26. M\u00e4rz findet die \u201eWWF Earth Hour 2022\u201c statt. Diese Aktion ist die weltweit gr\u00f6\u00dfte f\u00fcr mehr Klima-, und Umweltschutz. Rund um den Globus werden im Jahr 2022 zum 16. Mal Millionen Menschen sowie tausende St\u00e4dte, Gemeinden und Unternehmen f\u00fcr eine Stunde das Licht ausschalten und so gemeinsam ein starkes Zeichen f\u00fcr den Schutz<\/p>\n","protected":false},"author":4,"featured_media":0,"comment_status":"closed","ping_status":"open","sticky":false,"template":"","format":"standard","meta":[],"categories":[2],"tags":[],"_links":{"self":[{"href":"http:\/\/cms.mtsomnii.de\/w7\/wp-json\/wp\/v2\/posts\/9477"}],"collection":[{"href":"http:\/\/cms.mtsomnii.de\/w7\/wp-json\/wp\/v2\/posts"}],"about":[{"href":"http:\/\/cms.mtsomnii.de\/w7\/wp-json\/wp\/v2\/types\/post"}],"author":[{"embeddable":true,"href":"http:\/\/cms.mtsomnii.de\/w7\/wp-json\/wp\/v2\/users\/4"}],"replies":[{"embeddable":true,"href":"http:\/\/cms.mtsomnii.de\/w7\/wp-json\/wp\/v2\/comments?post=9477"}],"version-history":[{"count":0,"href":"http:\/\/cms.mtsomnii.de\/w7\/wp-json\/wp\/v2\/posts\/9477\/revisions"}],"wp:attachment":[{"href":"http:\/\/cms.mtsomnii.de\/w7\/wp-json\/wp\/v2\/media?parent=9477"}],"wp:term":[{"taxonomy":"category","embeddable":true,"href":"http:\/\/cms.mtsomnii.de\/w7\/wp-json\/wp\/v2\/categories?post=9477"},{"taxonomy":"post_tag","embeddable":true,"href":"http:\/\/cms.mtsomnii.de\/w7\/wp-json\/wp\/v2\/tags?post=9477"}],"curies":[{"name":"wp","href":"https:\/\/api.w.org\/{rel}","templated":true}]}}