{"id":9483,"date":"2022-03-26T13:27:19","date_gmt":"2022-03-26T12:27:19","guid":{"rendered":"http:\/\/cms.mtsomnii.de\/w7\/merkur-de-gap\/g7-gipfel-elmau-bayern-garmisch-partenkirchen-politik-protest-treffen-teilnehmer-themen-ort-ergebnisse-ziele-91271797-html-3-9483\/"},"modified":"2022-03-26T13:27:19","modified_gmt":"2022-03-26T12:27:19","slug":"g7-gipfel-elmau-bayern-garmisch-partenkirchen-politik-protest-treffen-teilnehmer-themen-ort-ergebnisse-ziele-91271797-html-3","status":"publish","type":"post","link":"http:\/\/cms.mtsomnii.de\/w7\/merkur-de-gap\/g7-gipfel-elmau-bayern-garmisch-partenkirchen-politik-protest-treffen-teilnehmer-themen-ort-ergebnisse-ziele-91271797-html-3-9483\/","title":{"rendered":"G7-Gipfel in Elmau: Alle Infos zum Treffen im \u00dcberblick"},"content":{"rendered":"<div>Der G7-Gipfel 2022 auf Schloss Elmau: Ein \u00dcberblick \u00fcber Teilnehmer, den Ort, die wichtigsten Informationen und die Auswirkungen auf die Region Garmisch-Partenkirchen.<\/div>\n","protected":false},"excerpt":{"rendered":"<p>Der G7-Gipfel 2022 auf Schloss Elmau: Ein \u00dcberblick \u00fcber Teilnehmer, den Ort, die wichtigsten Informationen und die Auswirkungen auf die Region Garmisch-Partenkirchen.<\/p>\n","protected":false},"author":5,"featured_media":0,"comment_status":"closed","ping_status":"open","sticky":false,"template":"","format":"standard","meta":[],"categories":[5],"tags":[],"_links":{"self":[{"href":"http:\/\/cms.mtsomnii.de\/w7\/wp-json\/wp\/v2\/posts\/9483"}],"collection":[{"href":"http:\/\/cms.mtsomnii.de\/w7\/wp-json\/wp\/v2\/posts"}],"about":[{"href":"http:\/\/cms.mtsomnii.de\/w7\/wp-json\/wp\/v2\/types\/post"}],"author":[{"embeddable":true,"href":"http:\/\/cms.mtsomnii.de\/w7\/wp-json\/wp\/v2\/users\/5"}],"replies":[{"embeddable":true,"href":"http:\/\/cms.mtsomnii.de\/w7\/wp-json\/wp\/v2\/comments?post=9483"}],"version-history":[{"count":0,"href":"http:\/\/cms.mtsomnii.de\/w7\/wp-json\/wp\/v2\/posts\/9483\/revisions"}],"wp:attachment":[{"href":"http:\/\/cms.mtsomnii.de\/w7\/wp-json\/wp\/v2\/media?parent=9483"}],"wp:term":[{"taxonomy":"category","embeddable":true,"href":"http:\/\/cms.mtsomnii.de\/w7\/wp-json\/wp\/v2\/categories?post=9483"},{"taxonomy":"post_tag","embeddable":true,"href":"http:\/\/cms.mtsomnii.de\/w7\/wp-json\/wp\/v2\/tags?post=9483"}],"curies":[{"name":"wp","href":"https:\/\/api.w.org\/{rel}","templated":true}]}}